{"id":1783,"date":"2018-07-12T18:25:00","date_gmt":"2018-07-12T21:25:00","guid":{"rendered":"http:\/\/blogdoedvaldomagalhaes.com.br\/index.php\/2018\/07\/12\/ferias-no-sesc-com-cigana-contadora-de\/"},"modified":"2019-02-09T02:24:42","modified_gmt":"2019-02-09T04:24:42","slug":"ferias-no-sesc-com-cigana-contadora-de","status":"publish","type":"post","link":"https:\/\/blogdoedvaldomagalhaes.com.br\/index.php\/2018\/07\/12\/ferias-no-sesc-com-cigana-contadora-de\/","title":{"rendered":"F\u00e9rias no Sesc com a Cigana Contadora de Est\u00f3rias"},"content":{"rendered":"<div class=\"separator\" style=\"clear: both; text-align: center;\">\n<a href=\"https:\/\/2.bp.blogspot.com\/-UEB_YtiQcPs\/W0ec53eRmUI\/AAAAAAAA2Wg\/MS1S2VQvLoQ9thMUfwm12pD0MfkAn17MACLcBGAs\/s1600\/gabi.jpg\" imageanchor=\"1\" style=\"margin-left: 1em; margin-right: 1em;\"><img loading=\"lazy\" decoding=\"async\" border=\"0\" data-original-height=\"480\" data-original-width=\"640\" height=\"480\" src=\"http:\/\/blogdoedvaldomagalhaes.com.br\/wp-content\/uploads\/2018\/07\/gabi.jpg\" width=\"640\" \/><\/a><\/div>\n<p><\/p>\n<div style=\"background-color: white; border: 0px; margin-bottom: 1.5em; outline: 0px; padding: 0px; text-align: justify; vertical-align: baseline;\">\nNo per\u00edodo de quarta a sexta \u2013 dias 18, 19 e 20 deste m\u00eas, a escritora Gabriela Kopinits \u2013 a Cigana Contadora de Est\u00f3rias estar\u00e1 animando as f\u00e9rias da crian\u00e7ada no Sesc Caruaru. A Cigana vai levar contos infantis de autores como Monteiro Lobato e C\u00e2mara Cascudo e promover brincadeiras liter\u00e1rias. \u201cVamos ter uma ca\u00e7a ao tesouro para que a crian\u00e7ada possa interagir com as est\u00f3rias, numa forma divertida de manusear os livros\u201d, adianta a contadora de est\u00f3rias.<\/div>\n<div style=\"background-color: white; border: 0px; margin-bottom: 1.5em; outline: 0px; padding: 0px; text-align: justify; vertical-align: baseline;\">\nAs apresenta\u00e7\u00f5es fazem parte do Projeto \u201cLeitura nas F\u00e9rias\u201d, criado pelo Sesc para a garotada de 5 a 11 anos com oficinas de desenho, de pintura e de hist\u00f3rias em quadrinhos, al\u00e9m de cineminha, Clube da Leitura e muitas brincadeiras. \u201cO Leitura nas F\u00e9rias tem o objetivo de promover a\u00e7\u00f5es culturais de incentivo \u00e0 leitura como fomentador da forma\u00e7\u00e3o educacional da crian\u00e7a\u201d, justifica M\u00e1rio Fernandes, coordenador da Biblioteca \u00c1lvaro Lins, onde acontecer\u00e3o as atividades das 13h30 \u00e0s 17h.<\/div>\n<div style=\"background-color: white; border: 0px; margin-bottom: 1.5em; outline: 0px; padding: 0px; text-align: justify; vertical-align: baseline;\">\nAs vagas s\u00e3o limitadas e as inscri\u00e7\u00f5es podem ser feitas at\u00e9 o dia 17, na biblioteca do Sesc. N\u00e3o ser\u00e1 cobrada nenhuma taxa, mas pede-se a doa\u00e7\u00e3o de dois quilos de alimentos n\u00e3o perec\u00edveis, que ser\u00e3o destinados a institui\u00e7\u00f5es de caridade.<\/div>\n<div style=\"background-color: white; border: 0px; margin-bottom: 1.5em; outline: 0px; padding: 0px; text-align: justify; vertical-align: baseline;\">\nO Sesc Caruaru fica na Rua Rui Limeira Rosa s\/n, no Bairro Petr\u00f3polis. Mais informa\u00e7\u00f5es pelo (81) 3721-3967.<\/div>\n","protected":false},"excerpt":{"rendered":"<p>No per\u00edodo de quarta a sexta \u2013 dias 18, 19 e 20 deste m\u00eas, a escritora Gabriela Kopinits \u2013 a&hellip;<\/p>\n","protected":false},"author":1,"featured_media":0,"comment_status":"open","ping_status":"open","sticky":false,"template":"","format":"standard","meta":{"footnotes":""},"categories":[1],"tags":[2,1801,6],"class_list":["post-1783","post","type-post","status-publish","format-standard","hentry","category-sem-categoria","tag-blog-do-edvaldo-magalhaes","tag-ferias-no-sesc-com-a-cigana-contadora-de-estorias","tag-noticias"],"_links":{"self":[{"href":"https:\/\/blogdoedvaldomagalhaes.com.br\/index.php\/wp-json\/wp\/v2\/posts\/1783","targetHints":{"allow":["GET"]}}],"collection":[{"href":"https:\/\/blogdoedvaldomagalhaes.com.br\/index.php\/wp-json\/wp\/v2\/posts"}],"about":[{"href":"https:\/\/blogdoedvaldomagalhaes.com.br\/index.php\/wp-json\/wp\/v2\/types\/post"}],"author":[{"embeddable":true,"href":"https:\/\/blogdoedvaldomagalhaes.com.br\/index.php\/wp-json\/wp\/v2\/users\/1"}],"replies":[{"embeddable":true,"href":"https:\/\/blogdoedvaldomagalhaes.com.br\/index.php\/wp-json\/wp\/v2\/comments?post=1783"}],"version-history":[{"count":1,"href":"https:\/\/blogdoedvaldomagalhaes.com.br\/index.php\/wp-json\/wp\/v2\/posts\/1783\/revisions"}],"predecessor-version":[{"id":32755,"href":"https:\/\/blogdoedvaldomagalhaes.com.br\/index.php\/wp-json\/wp\/v2\/posts\/1783\/revisions\/32755"}],"wp:attachment":[{"href":"https:\/\/blogdoedvaldomagalhaes.com.br\/index.php\/wp-json\/wp\/v2\/media?parent=1783"}],"wp:term":[{"taxonomy":"category","embeddable":true,"href":"https:\/\/blogdoedvaldomagalhaes.com.br\/index.php\/wp-json\/wp\/v2\/categories?post=1783"},{"taxonomy":"post_tag","embeddable":true,"href":"https:\/\/blogdoedvaldomagalhaes.com.br\/index.php\/wp-json\/wp\/v2\/tags?post=1783"}],"curies":[{"name":"wp","href":"https:\/\/api.w.org\/{rel}","templated":true}]}}