{"id":1782,"date":"2018-07-12T18:33:00","date_gmt":"2018-07-12T21:33:00","guid":{"rendered":"http:\/\/blogdoedvaldomagalhaes.com.br\/index.php\/2018\/07\/12\/asec-enfrenta-tamandare-em-busca-do\/"},"modified":"2019-02-09T02:24:42","modified_gmt":"2019-02-09T04:24:42","slug":"asec-enfrenta-tamandare-em-busca-do","status":"publish","type":"post","link":"https:\/\/blogdoedvaldomagalhaes.com.br\/index.php\/2018\/07\/12\/asec-enfrenta-tamandare-em-busca-do\/","title":{"rendered":"Asec enfrenta Tamandar\u00e9 em busca do t\u00edtulo de campe\u00e3 da Copa Pernambuco de Futsal"},"content":{"rendered":"<div class=\"separator\" style=\"clear: both; text-align: center;\">\n<a href=\"https:\/\/3.bp.blogspot.com\/-nbBNSY2hiQE\/W0ed8zW99SI\/AAAAAAAA2Ws\/Mod1RDXj1KckU7ACo7OWzgBKT6mv99iWACLcBGAs\/s1600\/asec.jpg\" imageanchor=\"1\" style=\"margin-left: 1em; margin-right: 1em;\"><img loading=\"lazy\" decoding=\"async\" border=\"0\" data-original-height=\"768\" data-original-width=\"1024\" height=\"474\" src=\"http:\/\/blogdoedvaldomagalhaes.com.br\/wp-content\/uploads\/2018\/07\/asec.jpg\" width=\"640\" \/><\/a><\/div>\n<div class=\"separator\" style=\"clear: both; text-align: center;\">\nFoto: Vital Flor\u00eancio\/Asec\/Divulga\u00e7\u00e3o<\/div>\n<div class=\"separator\" style=\"clear: both; text-align: center;\">\n<\/div>\n<div class=\"separator\" style=\"clear: both; text-align: justify;\">\nA Asec empatou por 4 a 4 com a equipe de Tamandar\u00e9, na primeira partida da final da Copa Pernambuco de Futsal, nessa quarta-feira (11), no Sesc Caruaru.&nbsp;A equipe caruaruense chegou a estar vencendo a partida por 4 a 3, quando sofreu o empate restando apenas 15 segundos para o fim do jogo. Os gols do time da casa foram marcados por Dada, Lucas Orelha, Wanderson e Rondynelle.<\/div>\n<div class=\"separator\" style=\"clear: both; text-align: justify;\">\n<\/div>\n<div class=\"separator\" style=\"clear: both; text-align: center;\">\n<a href=\"https:\/\/4.bp.blogspot.com\/-WSRfEBgs3Pc\/W0ehmcxGSHI\/AAAAAAAA2XA\/14Q-eAZBhVIPx2F_NMnzZ2Bn0LdbzgS7QCLcBGAs\/s1600\/asesc.jpg\" imageanchor=\"1\" style=\"margin-left: 1em; margin-right: 1em;\"><img loading=\"lazy\" decoding=\"async\" border=\"0\" data-original-height=\"384\" data-original-width=\"512\" height=\"480\" src=\"http:\/\/blogdoedvaldomagalhaes.com.br\/wp-content\/uploads\/2018\/07\/asesc.jpg\" width=\"640\" \/><\/a><\/div>\n<div class=\"separator\" style=\"clear: both; text-align: justify;\">\n<\/div>\n<div class=\"separator\" style=\"clear: both; text-align: justify;\">\nA decis\u00e3o ser\u00e1 nesta sexta-feira (13), \u00e0s 21h, no Gin\u00e1sio Municipal de Tamandar\u00e9. A Asec precisa da vit\u00f3ria para conquistar o t\u00edtulo de bi-campe\u00e3 da Copa Pernambuco de Futsal. O empate beneficia Tamandar\u00e9.<\/div>\n<div class=\"separator\" style=\"clear: both; text-align: justify;\">\n<\/div>\n<div class=\"separator\" style=\"clear: both; text-align: justify;\">\n<\/div>\n","protected":false},"excerpt":{"rendered":"<p>Foto: Vital Flor\u00eancio\/Asec\/Divulga\u00e7\u00e3o A Asec empatou por 4 a 4 com a equipe de Tamandar\u00e9, na primeira partida da final&hellip;<\/p>\n","protected":false},"author":1,"featured_media":0,"comment_status":"open","ping_status":"open","sticky":false,"template":"","format":"standard","meta":{"footnotes":""},"categories":[1],"tags":[1800,2,3],"class_list":["post-1782","post","type-post","status-publish","format-standard","hentry","category-sem-categoria","tag-asec-enfrenta-tamandare-em-busca-do-titulo-de-campea-da-copa-pernambuco-de-futsal","tag-blog-do-edvaldo-magalhaes","tag-futebol"],"_links":{"self":[{"href":"https:\/\/blogdoedvaldomagalhaes.com.br\/index.php\/wp-json\/wp\/v2\/posts\/1782","targetHints":{"allow":["GET"]}}],"collection":[{"href":"https:\/\/blogdoedvaldomagalhaes.com.br\/index.php\/wp-json\/wp\/v2\/posts"}],"about":[{"href":"https:\/\/blogdoedvaldomagalhaes.com.br\/index.php\/wp-json\/wp\/v2\/types\/post"}],"author":[{"embeddable":true,"href":"https:\/\/blogdoedvaldomagalhaes.com.br\/index.php\/wp-json\/wp\/v2\/users\/1"}],"replies":[{"embeddable":true,"href":"https:\/\/blogdoedvaldomagalhaes.com.br\/index.php\/wp-json\/wp\/v2\/comments?post=1782"}],"version-history":[{"count":1,"href":"https:\/\/blogdoedvaldomagalhaes.com.br\/index.php\/wp-json\/wp\/v2\/posts\/1782\/revisions"}],"predecessor-version":[{"id":32758,"href":"https:\/\/blogdoedvaldomagalhaes.com.br\/index.php\/wp-json\/wp\/v2\/posts\/1782\/revisions\/32758"}],"wp:attachment":[{"href":"https:\/\/blogdoedvaldomagalhaes.com.br\/index.php\/wp-json\/wp\/v2\/media?parent=1782"}],"wp:term":[{"taxonomy":"category","embeddable":true,"href":"https:\/\/blogdoedvaldomagalhaes.com.br\/index.php\/wp-json\/wp\/v2\/categories?post=1782"},{"taxonomy":"post_tag","embeddable":true,"href":"https:\/\/blogdoedvaldomagalhaes.com.br\/index.php\/wp-json\/wp\/v2\/tags?post=1782"}],"curies":[{"name":"wp","href":"https:\/\/api.w.org\/{rel}","templated":true}]}}