{"id":1780,"date":"2018-07-12T19:20:00","date_gmt":"2018-07-12T22:20:00","guid":{"rendered":"http:\/\/blogdoedvaldomagalhaes.com.br\/index.php\/2018\/07\/12\/assaltado-e-feito-refem-ex-vice\/"},"modified":"2019-02-09T02:24:43","modified_gmt":"2019-02-09T04:24:43","slug":"assaltado-e-feito-refem-ex-vice","status":"publish","type":"post","link":"https:\/\/blogdoedvaldomagalhaes.com.br\/index.php\/2018\/07\/12\/assaltado-e-feito-refem-ex-vice\/","title":{"rendered":"Assaltado e feito ref\u00e9m ex-vice prefeito e pai da atual prefeita S\u00e3o Bento Do Una"},"content":{"rendered":"<div class=\"separator\" style=\"clear: both; text-align: center;\">\n<a href=\"https:\/\/3.bp.blogspot.com\/-76hzYq39tkM\/W0eppgZ8luI\/AAAAAAAA2XQ\/emseBIAXTAcw2Fsuj5r6y3Eh5qTGhXR_gCLcBGAs\/s1600\/pai.jpg\" imageanchor=\"1\" style=\"margin-left: 1em; margin-right: 1em;\"><img loading=\"lazy\" decoding=\"async\" border=\"0\" data-original-height=\"630\" data-original-width=\"1200\" height=\"332\" src=\"http:\/\/blogdoedvaldomagalhaes.com.br\/wp-content\/uploads\/2018\/07\/pai.jpg\" width=\"640\" \/><\/a><\/div>\n<p><\/p>\n<div style=\"text-align: justify;\">\nO empres\u00e1rio e o seu seguran\u00e7a particular, conhecido na cidade como Brito, saia de uma f\u00e1brica de ra\u00e7\u00e3o pertencente a sua empresa, Granja Almeida, situado nas margens da PE-180, entre S\u00e3o Bento e Belo Jardim, em seu carro uma Hilux prata, placa PCS 9643, quando homens em um carro Gol, cor verde, com placa de Jaboat\u00e3o dos Guararapes anunciaram o assalto.<\/div>\n<div style=\"text-align: justify;\">\n<\/div>\n<div style=\"text-align: justify;\">\nOs assaltantes obrigaram as v\u00edtimas entrarem no banco de tr\u00e1s, e quando estavam entre os munic\u00edpios de Cachoeirinhas e S\u00e3o Caetano, liberam a v\u00edtimas que j\u00e1 est\u00e3o em casa. Foi levado o carro e pertences do ex-vice prefeito.<\/div>\n<div style=\"text-align: justify;\">\n<\/div>\n<div style=\"text-align: justify;\">\nA Pol\u00edcia Militar est\u00e1 em dilig\u00eancias pela regi\u00e3o a procura dos assaltantes e a Pol\u00edcia Civil investiga o caso.<\/p>\n<p><\/p>\n<div class=\"separator\" style=\"clear: both; text-align: center;\">\n<a href=\"https:\/\/4.bp.blogspot.com\/-vfq5JmHWUuE\/W0eqDkwbwNI\/AAAAAAAA2XY\/3-OR-2hpYQ4pwaGVM99AVtycvhNLMODTwCLcBGAs\/s1600\/dois.jpg\" imageanchor=\"1\" style=\"margin-left: 1em; margin-right: 1em;\"><img loading=\"lazy\" decoding=\"async\" border=\"0\" data-original-height=\"731\" data-original-width=\"731\" height=\"640\" src=\"http:\/\/blogdoedvaldomagalhaes.com.br\/wp-content\/uploads\/2018\/07\/dois.jpg\" width=\"640\" \/><\/a><\/div>\n<p>Na foto Z\u00e9 Almeida e a filha D\u00e9bora Almeida (atual prefeita)<\/p><\/div>\n<div style=\"text-align: justify;\">\n<\/div>\n<div style=\"text-align: justify;\">\nFonte: Jardim do Agreste<\/div>\n","protected":false},"excerpt":{"rendered":"<p>O empres\u00e1rio e o seu seguran\u00e7a particular, conhecido na cidade como Brito, saia de uma f\u00e1brica de ra\u00e7\u00e3o pertencente a&hellip;<\/p>\n","protected":false},"author":1,"featured_media":0,"comment_status":"open","ping_status":"open","sticky":false,"template":"","format":"standard","meta":{"footnotes":""},"categories":[1],"tags":[1798,2,13],"class_list":["post-1780","post","type-post","status-publish","format-standard","hentry","category-sem-categoria","tag-assaltado-e-feito-refem-ex-vice-prefeito-e-pai-da-atual-prefeita-sao-bento-do-una","tag-blog-do-edvaldo-magalhaes","tag-policial"],"_links":{"self":[{"href":"https:\/\/blogdoedvaldomagalhaes.com.br\/index.php\/wp-json\/wp\/v2\/posts\/1780","targetHints":{"allow":["GET"]}}],"collection":[{"href":"https:\/\/blogdoedvaldomagalhaes.com.br\/index.php\/wp-json\/wp\/v2\/posts"}],"about":[{"href":"https:\/\/blogdoedvaldomagalhaes.com.br\/index.php\/wp-json\/wp\/v2\/types\/post"}],"author":[{"embeddable":true,"href":"https:\/\/blogdoedvaldomagalhaes.com.br\/index.php\/wp-json\/wp\/v2\/users\/1"}],"replies":[{"embeddable":true,"href":"https:\/\/blogdoedvaldomagalhaes.com.br\/index.php\/wp-json\/wp\/v2\/comments?post=1780"}],"version-history":[{"count":1,"href":"https:\/\/blogdoedvaldomagalhaes.com.br\/index.php\/wp-json\/wp\/v2\/posts\/1780\/revisions"}],"predecessor-version":[{"id":32763,"href":"https:\/\/blogdoedvaldomagalhaes.com.br\/index.php\/wp-json\/wp\/v2\/posts\/1780\/revisions\/32763"}],"wp:attachment":[{"href":"https:\/\/blogdoedvaldomagalhaes.com.br\/index.php\/wp-json\/wp\/v2\/media?parent=1780"}],"wp:term":[{"taxonomy":"category","embeddable":true,"href":"https:\/\/blogdoedvaldomagalhaes.com.br\/index.php\/wp-json\/wp\/v2\/categories?post=1780"},{"taxonomy":"post_tag","embeddable":true,"href":"https:\/\/blogdoedvaldomagalhaes.com.br\/index.php\/wp-json\/wp\/v2\/tags?post=1780"}],"curies":[{"name":"wp","href":"https:\/\/api.w.org\/{rel}","templated":true}]}}