{"id":1776,"date":"2018-07-12T23:29:00","date_gmt":"2018-07-13T02:29:00","guid":{"rendered":"http:\/\/blogdoedvaldomagalhaes.com.br\/index.php\/2018\/07\/12\/obras-de-requalificacao-da-feira-da\/"},"modified":"2019-02-09T02:24:47","modified_gmt":"2019-02-09T04:24:47","slug":"obras-de-requalificacao-da-feira-da","status":"publish","type":"post","link":"https:\/\/blogdoedvaldomagalhaes.com.br\/index.php\/2018\/07\/12\/obras-de-requalificacao-da-feira-da\/","title":{"rendered":"Obras de requalifica\u00e7\u00e3o da Feira da Sulanca no terreno da antiga Fundac ser\u00e3o conclu\u00eddas em agosto"},"content":{"rendered":"<div class=\"separator\" style=\"clear: both; text-align: center;\">\n<a href=\"https:\/\/2.bp.blogspot.com\/-TzS3ZbboWPY\/W0fkJsGta8I\/AAAAAAAA2ZI\/Ajd6XCHOmf4RC6CrCqpCYwmM6E9JPM-HwCLcBGAs\/s1600\/FOTO.jpg\" imageanchor=\"1\" style=\"margin-left: 1em; margin-right: 1em;\"><img loading=\"lazy\" decoding=\"async\" border=\"0\" data-original-height=\"511\" data-original-width=\"1024\" height=\"314\" src=\"http:\/\/blogdoedvaldomagalhaes.com.br\/wp-content\/uploads\/2018\/07\/FOTO.jpg\" width=\"640\" \/><\/a><\/div>\n<div class=\"separator\" style=\"clear: both; text-align: center;\">\nFotos: Iza\u00edas Rodrigues\/R\u00e1dio Liberdade<\/div>\n<div style=\"background-color: white; box-sizing: border-box; line-height: 24px; margin-bottom: 10px; text-align: justify;\">\n<\/div>\n<div style=\"background-color: white; box-sizing: border-box; line-height: 24px; margin-bottom: 10px; text-align: justify;\">\nAs obras de requalifica\u00e7\u00e3o da Feira da Sulanca no terreno da antiga Fundac, em Caruaru, ser\u00e3o conclu\u00eddas em agosto. A informa\u00e7\u00e3o foi passada pelo empres\u00e1rio Len\u00edlson Torres durante reuni\u00e3o almo\u00e7o com a imprensa nesta quinta-feira (12), em um restaurante da cidade. O prefeito interino Rodrigo Pinheiro esteve presente.<\/p>\n<p><\/p>\n<div class=\"separator\" style=\"clear: both; text-align: center;\">\n<a href=\"https:\/\/2.bp.blogspot.com\/-g-jQ3DWZF28\/W0flEXVWY_I\/AAAAAAAA2ZU\/oB-XvToVfZsW7-jOvpt6WhBlwkFGzPIIwCLcBGAs\/s1600\/izaias.jpg\" imageanchor=\"1\" style=\"margin-left: 1em; margin-right: 1em;\"><img loading=\"lazy\" decoding=\"async\" border=\"0\" data-original-height=\"583\" data-original-width=\"1024\" height=\"364\" src=\"http:\/\/blogdoedvaldomagalhaes.com.br\/wp-content\/uploads\/2018\/07\/izaias.jpg\" width=\"640\" \/><\/a><\/div>\n<p><\/div>\n<div style=\"background-color: white; box-sizing: border-box; line-height: 24px; margin-bottom: 10px; text-align: justify;\">\nAs obras foram iniciadas no dia 2 de janeiro e contam com o acompanhamento da Secretaria Extraordin\u00e1ria da Feira e da Associa\u00e7\u00e3o dos Sulanqueiros. S\u00e3o mais de 5 mil bancos no local.<\/div>\n<div style=\"background-color: white; box-sizing: border-box; line-height: 24px; margin-bottom: 10px; text-align: justify;\">\nO empres\u00e1rio informou tamb\u00e9m que pretende realizar uma campanha nos ve\u00edculos de comunica\u00e7\u00e3o com o objetivo de trazer mais compradores para Caruaru e disse que pretende realizar, em dezembro, uma feira tipo Fenearte.<\/p>\n<p>Fonte: R\u00e1dio Liberdade.<\/p><\/div>\n","protected":false},"excerpt":{"rendered":"<p>Fotos: Iza\u00edas Rodrigues\/R\u00e1dio Liberdade As obras de requalifica\u00e7\u00e3o da Feira da Sulanca no terreno da antiga Fundac, em Caruaru, ser\u00e3o&hellip;<\/p>\n","protected":false},"author":1,"featured_media":0,"comment_status":"open","ping_status":"open","sticky":false,"template":"","format":"standard","meta":{"footnotes":""},"categories":[1],"tags":[2,1793,6,1794],"class_list":["post-1776","post","type-post","status-publish","format-standard","hentry","category-sem-categoria","tag-blog-do-edvaldo-magalhaes","tag-lenilson-torres","tag-noticias","tag-obras-de-requalificacao-da-feira-da-sulanca-no-terreno-da-antiga-fundac-serao-concluidas-em-agosto"],"_links":{"self":[{"href":"https:\/\/blogdoedvaldomagalhaes.com.br\/index.php\/wp-json\/wp\/v2\/posts\/1776","targetHints":{"allow":["GET"]}}],"collection":[{"href":"https:\/\/blogdoedvaldomagalhaes.com.br\/index.php\/wp-json\/wp\/v2\/posts"}],"about":[{"href":"https:\/\/blogdoedvaldomagalhaes.com.br\/index.php\/wp-json\/wp\/v2\/types\/post"}],"author":[{"embeddable":true,"href":"https:\/\/blogdoedvaldomagalhaes.com.br\/index.php\/wp-json\/wp\/v2\/users\/1"}],"replies":[{"embeddable":true,"href":"https:\/\/blogdoedvaldomagalhaes.com.br\/index.php\/wp-json\/wp\/v2\/comments?post=1776"}],"version-history":[{"count":1,"href":"https:\/\/blogdoedvaldomagalhaes.com.br\/index.php\/wp-json\/wp\/v2\/posts\/1776\/revisions"}],"predecessor-version":[{"id":32775,"href":"https:\/\/blogdoedvaldomagalhaes.com.br\/index.php\/wp-json\/wp\/v2\/posts\/1776\/revisions\/32775"}],"wp:attachment":[{"href":"https:\/\/blogdoedvaldomagalhaes.com.br\/index.php\/wp-json\/wp\/v2\/media?parent=1776"}],"wp:term":[{"taxonomy":"category","embeddable":true,"href":"https:\/\/blogdoedvaldomagalhaes.com.br\/index.php\/wp-json\/wp\/v2\/categories?post=1776"},{"taxonomy":"post_tag","embeddable":true,"href":"https:\/\/blogdoedvaldomagalhaes.com.br\/index.php\/wp-json\/wp\/v2\/tags?post=1776"}],"curies":[{"name":"wp","href":"https:\/\/api.w.org\/{rel}","templated":true}]}}