{"id":1775,"date":"2018-07-13T10:20:00","date_gmt":"2018-07-13T13:20:00","guid":{"rendered":"http:\/\/blogdoedvaldomagalhaes.com.br\/index.php\/2018\/07\/13\/central-anuncia-renovacao-do-zagueiro\/"},"modified":"2019-02-09T02:24:47","modified_gmt":"2019-02-09T04:24:47","slug":"central-anuncia-renovacao-do-zagueiro","status":"publish","type":"post","link":"https:\/\/blogdoedvaldomagalhaes.com.br\/index.php\/2018\/07\/13\/central-anuncia-renovacao-do-zagueiro\/","title":{"rendered":"Central anuncia renova\u00e7\u00e3o do zagueiro Danilo Quipap\u00e1"},"content":{"rendered":"<div class=\"separator\" style=\"clear: both; text-align: center;\">\n<a href=\"https:\/\/4.bp.blogspot.com\/-BIM-phhZJ5E\/W0h8tejmbeI\/AAAAAAAA2Z4\/cJdg382o0bwgvgfGEvDoUzep3lGkvjApwCLcBGAs\/s1600\/central.jpg\" imageanchor=\"1\" style=\"margin-left: 1em; margin-right: 1em;\"><img loading=\"lazy\" decoding=\"async\" border=\"0\" data-original-height=\"640\" data-original-width=\"640\" height=\"640\" src=\"http:\/\/blogdoedvaldomagalhaes.com.br\/wp-content\/uploads\/2018\/07\/central.jpg\" width=\"640\" \/><\/a><\/div>\n<div style=\"text-align: center;\">\nFoto: Central SC\/Divulga\u00e7\u00e3o<\/div>\n<div style=\"text-align: center;\">\n<\/div>\n<div style=\"text-align: justify;\">\nO Central anunciou nesta quinta-feira (12) a renova\u00e7\u00e3o de contrato do zagueiro Danilo Quipap\u00e1. Um dos destaques na grande campanha da Patativa no Campeonato Pernambucano, o defensor teve seu v\u00ednculo com o alvinegro prolongado at\u00e9 dezembro de 2019.&nbsp;<\/div>\n<div style=\"text-align: justify;\">\n<\/div>\n<div style=\"text-align: justify;\">\nComo a Patativa do Agreste n\u00e3o entra em campo mais em 2018, o jogador foi emprestado para o Birkirkara de Malta, pa\u00eds do leste Europeu. Apesar de n\u00e3o ter tanto conhecimento no cen\u00e1rio internacional, a equipe europeia disputou recentemente os playoffs iniciais da Liga Europa e possui uma legi\u00e3o de jogadores brasileiros. Al\u00e9m de Quipap\u00e1, o time europeu conta com Fernando Barbosa, Lucas Maia, Eduardo Mancha, Carlos Alberto, Fabiano e Marcelinho.<\/div>\n","protected":false},"excerpt":{"rendered":"<p>Foto: Central SC\/Divulga\u00e7\u00e3o O Central anunciou nesta quinta-feira (12) a renova\u00e7\u00e3o de contrato do zagueiro Danilo Quipap\u00e1. Um dos destaques&hellip;<\/p>\n","protected":false},"author":1,"featured_media":0,"comment_status":"open","ping_status":"open","sticky":false,"template":"","format":"standard","meta":{"footnotes":""},"categories":[1],"tags":[2,1792,3],"class_list":["post-1775","post","type-post","status-publish","format-standard","hentry","category-sem-categoria","tag-blog-do-edvaldo-magalhaes","tag-central-anuncia-renovacao-do-zagueiro-danilo-quipapa","tag-futebol"],"_links":{"self":[{"href":"https:\/\/blogdoedvaldomagalhaes.com.br\/index.php\/wp-json\/wp\/v2\/posts\/1775","targetHints":{"allow":["GET"]}}],"collection":[{"href":"https:\/\/blogdoedvaldomagalhaes.com.br\/index.php\/wp-json\/wp\/v2\/posts"}],"about":[{"href":"https:\/\/blogdoedvaldomagalhaes.com.br\/index.php\/wp-json\/wp\/v2\/types\/post"}],"author":[{"embeddable":true,"href":"https:\/\/blogdoedvaldomagalhaes.com.br\/index.php\/wp-json\/wp\/v2\/users\/1"}],"replies":[{"embeddable":true,"href":"https:\/\/blogdoedvaldomagalhaes.com.br\/index.php\/wp-json\/wp\/v2\/comments?post=1775"}],"version-history":[{"count":1,"href":"https:\/\/blogdoedvaldomagalhaes.com.br\/index.php\/wp-json\/wp\/v2\/posts\/1775\/revisions"}],"predecessor-version":[{"id":32777,"href":"https:\/\/blogdoedvaldomagalhaes.com.br\/index.php\/wp-json\/wp\/v2\/posts\/1775\/revisions\/32777"}],"wp:attachment":[{"href":"https:\/\/blogdoedvaldomagalhaes.com.br\/index.php\/wp-json\/wp\/v2\/media?parent=1775"}],"wp:term":[{"taxonomy":"category","embeddable":true,"href":"https:\/\/blogdoedvaldomagalhaes.com.br\/index.php\/wp-json\/wp\/v2\/categories?post=1775"},{"taxonomy":"post_tag","embeddable":true,"href":"https:\/\/blogdoedvaldomagalhaes.com.br\/index.php\/wp-json\/wp\/v2\/tags?post=1775"}],"curies":[{"name":"wp","href":"https:\/\/api.w.org\/{rel}","templated":true}]}}