{"id":1774,"date":"2018-07-13T10:27:00","date_gmt":"2018-07-13T13:27:00","guid":{"rendered":"http:\/\/blogdoedvaldomagalhaes.com.br\/index.php\/2018\/07\/13\/individuos-trocam-tiros-com-pm-apos\/"},"modified":"2019-02-09T02:24:47","modified_gmt":"2019-02-09T04:24:47","slug":"individuos-trocam-tiros-com-pm-apos","status":"publish","type":"post","link":"https:\/\/blogdoedvaldomagalhaes.com.br\/index.php\/2018\/07\/13\/individuos-trocam-tiros-com-pm-apos\/","title":{"rendered":"Indiv\u00edduos trocam tiros com a PM ap\u00f3s assalto e e s\u00e3o detidos em Caruaru"},"content":{"rendered":"<div class=\"separator\" style=\"clear: both; text-align: center;\">\n<a href=\"https:\/\/1.bp.blogspot.com\/-t79-XaA_Ozk\/W0h9xf9PfPI\/AAAAAAAA2aE\/KGhgaWLT-U81wTh6OHrCuGkOcAbo7TR5ACLcBGAs\/s1600\/prisma.jpg\" imageanchor=\"1\" style=\"margin-left: 1em; margin-right: 1em;\"><img loading=\"lazy\" decoding=\"async\" border=\"0\" data-original-height=\"960\" data-original-width=\"720\" height=\"640\" src=\"http:\/\/blogdoedvaldomagalhaes.com.br\/wp-content\/uploads\/2018\/07\/prisma.jpg\" width=\"480\" \/><\/a><\/div>\n<div class=\"separator\" style=\"clear: both; text-align: center;\">\nFoto: WhatsApp\/Cortesia<\/div>\n<p><\/p>\n<div style=\"text-align: justify;\">\n<br \/>\nPor volta das 21h30 dessa quinta-feira (12),&nbsp; policiais receberam informa\u00e7\u00f5es do Lobo Solit\u00e1rio do NIA, acerca de um ve\u00edculo Corolla de cor preta de placas KLE-8261 que foi tomado de assalto por dois indiv\u00edduos que estavam em um ve\u00edculo Prisma de cor cinza de placas PCP-3445, logo em seguida os policiais localizaram o citado ve\u00edculo, que ao visualizar a guarni\u00e7\u00e3o empreendeu fuga, sendo iniciada uma persegui\u00e7\u00e3o ao Prisma, que seguiu pela contram\u00e3o em dire\u00e7\u00e3o a avenida Le\u00e3o Dourado, em seguida colidiu com outros dois ve\u00edculos na avenida Joaquim T\u00e1vora.&nbsp;<\/p>\n<p>Os suspeitos efetuaram disparos de arma de fogo contra os policiais que revidaram,&nbsp; durante a persegui\u00e7\u00e3o. Ap\u00f3s colidir em um terceiro ve\u00edculo dois indiv\u00edduos abandonaram o Prisma e empreenderam fuga a p\u00e9, sendo solicitado apoio junto a central de r\u00e1dio e com aux\u00edlio de outras equipes, foram localizados os dois suspeitos, sendo Marcos Alexandre de Almeida Silva, 21 anos e Carlos Henrique Novaes de Barros, de 24 anos.&nbsp;<\/p>\n<p>O primeiro indiv\u00edduo foi localizado pela equipe comandada pelo sargento Maciel, o qual encontrava-se portando um rev\u00f3lver da marca Rossi, calibre 38, com 02 muni\u00e7\u00f5es intactas, 01 muni\u00e7\u00e3o pinada e uma deflagrada, al\u00e9m de portar a chave do ve\u00edculo Corolla que havia sido tomado de assalto da v\u00edtima por volta das 20h dessa quinta-feira (12). Na resid\u00eancia de Marcos Alexandre de Almeida Silva, a pol\u00edcia encontrou aproximadamente 300g de maconha e uma balan\u00e7a de precis\u00e3o. No ve\u00edculo Prisma utilizado na fuga, foi encontrada a carteira da v\u00edtima e duas placas veiculares (LTA-7323).&nbsp;<\/p>\n<p>Na resid\u00eancia do segundo indiv\u00edduo foram localizados 03 big bigs de maconha e 01 muni\u00e7\u00e3o calibre .38 intacta. Ap\u00f3s dilig\u00eancias tamb\u00e9m foi recuperado o ve\u00edculo Corolla de placas KLE-8261 que havia sido tomado de assalto. Os envolvidos foram encaminhados a DP de Plant\u00e3o juntamente com o material apreendido para serem tomadas medidas cab\u00edveis.<\/p><\/div>\n","protected":false},"excerpt":{"rendered":"<p>Foto: WhatsApp\/Cortesia Por volta das 21h30 dessa quinta-feira (12),&nbsp; policiais receberam informa\u00e7\u00f5es do Lobo Solit\u00e1rio do NIA, acerca de um&hellip;<\/p>\n","protected":false},"author":1,"featured_media":0,"comment_status":"open","ping_status":"open","sticky":false,"template":"","format":"standard","meta":{"footnotes":""},"categories":[1],"tags":[2,1791,13],"class_list":["post-1774","post","type-post","status-publish","format-standard","hentry","category-sem-categoria","tag-blog-do-edvaldo-magalhaes","tag-individuos-trocam-tiros-com-a-pm-apos-assalto-e-e-sao-detidos-em-caruaru","tag-policial"],"_links":{"self":[{"href":"https:\/\/blogdoedvaldomagalhaes.com.br\/index.php\/wp-json\/wp\/v2\/posts\/1774","targetHints":{"allow":["GET"]}}],"collection":[{"href":"https:\/\/blogdoedvaldomagalhaes.com.br\/index.php\/wp-json\/wp\/v2\/posts"}],"about":[{"href":"https:\/\/blogdoedvaldomagalhaes.com.br\/index.php\/wp-json\/wp\/v2\/types\/post"}],"author":[{"embeddable":true,"href":"https:\/\/blogdoedvaldomagalhaes.com.br\/index.php\/wp-json\/wp\/v2\/users\/1"}],"replies":[{"embeddable":true,"href":"https:\/\/blogdoedvaldomagalhaes.com.br\/index.php\/wp-json\/wp\/v2\/comments?post=1774"}],"version-history":[{"count":1,"href":"https:\/\/blogdoedvaldomagalhaes.com.br\/index.php\/wp-json\/wp\/v2\/posts\/1774\/revisions"}],"predecessor-version":[{"id":32779,"href":"https:\/\/blogdoedvaldomagalhaes.com.br\/index.php\/wp-json\/wp\/v2\/posts\/1774\/revisions\/32779"}],"wp:attachment":[{"href":"https:\/\/blogdoedvaldomagalhaes.com.br\/index.php\/wp-json\/wp\/v2\/media?parent=1774"}],"wp:term":[{"taxonomy":"category","embeddable":true,"href":"https:\/\/blogdoedvaldomagalhaes.com.br\/index.php\/wp-json\/wp\/v2\/categories?post=1774"},{"taxonomy":"post_tag","embeddable":true,"href":"https:\/\/blogdoedvaldomagalhaes.com.br\/index.php\/wp-json\/wp\/v2\/tags?post=1774"}],"curies":[{"name":"wp","href":"https:\/\/api.w.org\/{rel}","templated":true}]}}