{"id":1773,"date":"2018-07-13T15:24:00","date_gmt":"2018-07-13T18:24:00","guid":{"rendered":"http:\/\/blogdoedvaldomagalhaes.com.br\/index.php\/2018\/07\/13\/oab-divulga-nota-de-pesar-sobre\/"},"modified":"2019-02-09T02:24:47","modified_gmt":"2019-02-09T04:24:47","slug":"oab-divulga-nota-de-pesar-sobre","status":"publish","type":"post","link":"https:\/\/blogdoedvaldomagalhaes.com.br\/index.php\/2018\/07\/13\/oab-divulga-nota-de-pesar-sobre\/","title":{"rendered":"OAB divulga nota de pesar sobre execu\u00e7\u00e3o de advogado em Caruaru"},"content":{"rendered":"<div class=\"separator\" style=\"clear: both; text-align: center;\">\n<a href=\"https:\/\/1.bp.blogspot.com\/-jDE3dTS32Ss\/W0jEF96E2JI\/AAAAAAAA2aQ\/inGx9YmMXsUs1nz7FI56TX48BN9Do9COwCLcBGAs\/s1600\/carro.jpg\" imageanchor=\"1\" style=\"margin-left: 1em; margin-right: 1em;\"><img loading=\"lazy\" decoding=\"async\" border=\"0\" data-original-height=\"231\" data-original-width=\"300\" height=\"491\" src=\"http:\/\/blogdoedvaldomagalhaes.com.br\/wp-content\/uploads\/2018\/07\/carro.jpg\" width=\"640\" \/><\/a><\/div>\n<div class=\"separator\" style=\"clear: both; text-align: center;\">\n<\/div>\n<div style=\"background-color: white; box-sizing: border-box; line-height: 24px; margin-bottom: 10px; text-align: justify;\">\nA Ordem dos Advogados do Brasil (OAB) Seccional Pernambuco divulgou nota sobre o assassinato do advogado Andr\u00e9 Ambr\u00f3sio Ribeiro Pessoa, ocorrido no final da tarde desta quinta-feira (12), em Caruaru. O presidente em exerc\u00edcio da entidade, Fernando Ribeiro Lins, ter\u00e1 reuni\u00e3o com o delegado Rodolfo Barcelar para solicitar informa\u00e7\u00f5es mais aprofundadas sobre o crime e celeridade na investiga\u00e7\u00e3o.<\/div>\n<div style=\"background-color: white; box-sizing: border-box; line-height: 24px; margin-bottom: 10px; text-align: justify;\">\nNa nota, a OAB lamenta o falecimento do advogado, executado a tiros, e informa que a Comiss\u00e3o de Defesa, Assist\u00eancia e Prorrogativas e a OAB Caruaru est\u00e3o acompanhando o caso e permanecer\u00e1 atenta ao desdobramento das investiga\u00e7\u00f5es. A OAB-PE espera a apura\u00e7\u00e3o dos fatos e o cumprimento da lei com a devida puni\u00e7\u00e3o da autoria do crime, conclui a nota.<\/div>\n<div style=\"background-color: white; box-sizing: border-box; line-height: 24px; margin-bottom: 10px; text-align: justify;\">\n<strong style=\"box-sizing: border-box;\">Execu\u00e7\u00e3o<\/strong><\/div>\n<div style=\"background-color: white; box-sizing: border-box; line-height: 24px; margin-bottom: 10px; text-align: justify;\">\nO advogado Andr\u00e9 Ambr\u00f3sio Ribeiro Pessoa, 46 anos, do Recife, foi abordado quando desceu de um ve\u00edculo blindado em frente da casa da ex-mulher, no final da tarde desta quinta-feira (12), no Loteamento Itamaraty.&nbsp;<a href=\"http:\/\/liberdade.com.br\/advogado-do-recife-e-assassinado-a-tiros-em-caruaru\/\" style=\"background-color: transparent; box-sizing: border-box; text-decoration-line: none; transition: 0.3s;\">Ele foi executado com 5 tiros na cabe\u00e7a<\/a>.<\/div>\n<div style=\"background-color: white; box-sizing: border-box; line-height: 24px; margin-bottom: 10px; text-align: justify;\">\nC\u00e2meras instaladas na rua podem ajudar a Pol\u00edcia Civil nas investiga\u00e7\u00f5es. Imagens mostram o momento da execu\u00e7\u00e3o. O advogado desce do ve\u00edculo, em seguida pega uma crian\u00e7a no banco de tr\u00e1s que estava com a bab\u00e1 que tamb\u00e9m sai do carro. Neste momento, um homem se aproxima armado, a mulher se afasta com a crian\u00e7a nos bra\u00e7os e o advogado \u00e9 executado. Ap\u00f3s os disparos o criminoso sai correndo na rua e foge junto com outros dois suspeitos.<\/div>\n<div class=\"separator\" style=\"clear: both; text-align: center;\">\n<\/div>\n<div style=\"background-color: white; box-sizing: border-box; line-height: 24px; margin-bottom: 10px; text-align: justify;\">\n<\/div>\n<div class=\"sharedaddy sd-sharing-enabled\" style=\"background-color: white; box-sizing: border-box; clear: both; text-align: start;\">\n<\/div>\n<p><\/p>\n<div style=\"-webkit-text-stroke-width: 0px; background-color: white; box-sizing: border-box; font-style: normal; font-variant-caps: normal; font-variant-ligatures: normal; font-weight: 400; letter-spacing: normal; line-height: 24px; margin: 0px 0px 10px; orphans: 2; text-align: justify; text-decoration-color: initial; text-decoration-style: initial; text-indent: 0px; text-transform: none; white-space: normal; widows: 2; word-spacing: 0px;\">\nO delegado M\u00e1rcio George informou que o carro utilizado pelos criminosos tem placa de Jaboat\u00e3o dos Guararapes e que foi realmente uma execu\u00e7\u00e3o.<\/div>\n<div style=\"-webkit-text-stroke-width: 0px; background-color: white; box-sizing: border-box; font-style: normal; font-variant-caps: normal; font-variant-ligatures: normal; font-weight: 400; letter-spacing: normal; line-height: 24px; margin: 0px 0px 10px; orphans: 2; text-align: justify; text-decoration-color: initial; text-decoration-style: initial; text-indent: 0px; text-transform: none; white-space: normal; widows: 2; word-spacing: 0px;\">\nFonte: R\u00e1dio Liberdade.<\/div>\n","protected":false},"excerpt":{"rendered":"<p>A Ordem dos Advogados do Brasil (OAB) Seccional Pernambuco divulgou nota sobre o assassinato do advogado Andr\u00e9 Ambr\u00f3sio Ribeiro Pessoa,&hellip;<\/p>\n","protected":false},"author":1,"featured_media":0,"comment_status":"open","ping_status":"open","sticky":false,"template":"","format":"standard","meta":{"footnotes":""},"categories":[1],"tags":[2,6,1790],"class_list":["post-1773","post","type-post","status-publish","format-standard","hentry","category-sem-categoria","tag-blog-do-edvaldo-magalhaes","tag-noticias","tag-oab-divulga-nota-de-pesar-sobre-execucao-de-advogado-em-caruaru"],"_links":{"self":[{"href":"https:\/\/blogdoedvaldomagalhaes.com.br\/index.php\/wp-json\/wp\/v2\/posts\/1773","targetHints":{"allow":["GET"]}}],"collection":[{"href":"https:\/\/blogdoedvaldomagalhaes.com.br\/index.php\/wp-json\/wp\/v2\/posts"}],"about":[{"href":"https:\/\/blogdoedvaldomagalhaes.com.br\/index.php\/wp-json\/wp\/v2\/types\/post"}],"author":[{"embeddable":true,"href":"https:\/\/blogdoedvaldomagalhaes.com.br\/index.php\/wp-json\/wp\/v2\/users\/1"}],"replies":[{"embeddable":true,"href":"https:\/\/blogdoedvaldomagalhaes.com.br\/index.php\/wp-json\/wp\/v2\/comments?post=1773"}],"version-history":[{"count":1,"href":"https:\/\/blogdoedvaldomagalhaes.com.br\/index.php\/wp-json\/wp\/v2\/posts\/1773\/revisions"}],"predecessor-version":[{"id":32781,"href":"https:\/\/blogdoedvaldomagalhaes.com.br\/index.php\/wp-json\/wp\/v2\/posts\/1773\/revisions\/32781"}],"wp:attachment":[{"href":"https:\/\/blogdoedvaldomagalhaes.com.br\/index.php\/wp-json\/wp\/v2\/media?parent=1773"}],"wp:term":[{"taxonomy":"category","embeddable":true,"href":"https:\/\/blogdoedvaldomagalhaes.com.br\/index.php\/wp-json\/wp\/v2\/categories?post=1773"},{"taxonomy":"post_tag","embeddable":true,"href":"https:\/\/blogdoedvaldomagalhaes.com.br\/index.php\/wp-json\/wp\/v2\/tags?post=1773"}],"curies":[{"name":"wp","href":"https:\/\/api.w.org\/{rel}","templated":true}]}}