{"id":1770,"date":"2018-07-14T01:28:00","date_gmt":"2018-07-14T04:28:00","guid":{"rendered":"http:\/\/blogdoedvaldomagalhaes.com.br\/index.php\/2018\/07\/14\/19-festa-da-maior-canjica-do-mundo-na\/"},"modified":"2019-02-09T02:24:48","modified_gmt":"2019-02-09T04:24:48","slug":"19-festa-da-maior-canjica-do-mundo-na","status":"publish","type":"post","link":"https:\/\/blogdoedvaldomagalhaes.com.br\/index.php\/2018\/07\/14\/19-festa-da-maior-canjica-do-mundo-na\/","title":{"rendered":"19\u00aa Festa da Maior Canjica do Mundo na Vila Peladas em Caruaru neste s\u00e1bado (14)"},"content":{"rendered":"<div class=\"separator\" style=\"clear: both; text-align: center;\">\n<a href=\"https:\/\/4.bp.blogspot.com\/-KA08btdR0bE\/W0lRutmLjnI\/AAAAAAAA2a8\/mYvQzg2AhS04ehzzDbI2ifT7Qx7R1ikSACLcBGAs\/s1600\/canjica.jpg\" imageanchor=\"1\" style=\"margin-left: 1em; margin-right: 1em;\"><img loading=\"lazy\" decoding=\"async\" border=\"0\" data-original-height=\"320\" data-original-width=\"240\" height=\"640\" src=\"http:\/\/blogdoedvaldomagalhaes.com.br\/wp-content\/uploads\/2018\/07\/canjica.jpg\" width=\"480\" \/><\/a><\/div>\n<div class=\"separator\" style=\"clear: both; text-align: center;\">\nFoto do Blog do Edvaldo Magalh\u00e3es\/Arquivo<\/div>\n<div style=\"text-align: justify;\">\n<\/div>\n<div style=\"text-align: justify;\">\nSer\u00e1 degustada na noite deste s\u00e1bado (14), na Vila Peladas, zona rural de Caruaru, a Maior Canjica do Mundo. A 19\u00aa edi\u00e7\u00e3o da festa deve atrair milhares de forrozeiros desde o in\u00edcio da noite, com v\u00e1rias atra\u00e7\u00f5es. O evento faz parte da programa\u00e7\u00e3o da Associa\u00e7\u00e3o dos Idealizadores das Comidas Gigantes de Caruaru.<\/div>\n<div style=\"text-align: justify;\">\n<\/div>\n<div style=\"text-align: justify;\">\nO organizador do evento, Iron Rodrigues, aguarda 15 mil pessoas na festa. A Canjica pesa mais de uma tonelada e ter\u00e1 cerca de 35 metros de comprimento. A festa vai come\u00e7ar \u00e0s 18h, o corte ser\u00e1 iniciado \u00e0s 22h e a distribui\u00e7\u00e3o ser\u00e1 \u00e0 meia noite. O deputado estadual Tony Gel (MDB) ser\u00e1 homenageado. As atra\u00e7\u00f5es ser\u00e3o L\u00e9o Pancad\u00e3o, Mano Marques, Kl\u00e9ver Lemos e banda, Forr\u00f3 Do Bom e J\u00f3 Cantor, e Neg\u00e3o do Forr\u00f3.<\/div>\n","protected":false},"excerpt":{"rendered":"<p>Foto do Blog do Edvaldo Magalh\u00e3es\/Arquivo Ser\u00e1 degustada na noite deste s\u00e1bado (14), na Vila Peladas, zona rural de Caruaru,&hellip;<\/p>\n","protected":false},"author":1,"featured_media":0,"comment_status":"open","ping_status":"open","sticky":false,"template":"","format":"standard","meta":{"footnotes":""},"categories":[1],"tags":[1787,2,6],"class_list":["post-1770","post","type-post","status-publish","format-standard","hentry","category-sem-categoria","tag-19a-festa-da-maior-canjica-do-mundo-na-vila-peladas-em-caruaru-neste-sabado-14","tag-blog-do-edvaldo-magalhaes","tag-noticias"],"_links":{"self":[{"href":"https:\/\/blogdoedvaldomagalhaes.com.br\/index.php\/wp-json\/wp\/v2\/posts\/1770","targetHints":{"allow":["GET"]}}],"collection":[{"href":"https:\/\/blogdoedvaldomagalhaes.com.br\/index.php\/wp-json\/wp\/v2\/posts"}],"about":[{"href":"https:\/\/blogdoedvaldomagalhaes.com.br\/index.php\/wp-json\/wp\/v2\/types\/post"}],"author":[{"embeddable":true,"href":"https:\/\/blogdoedvaldomagalhaes.com.br\/index.php\/wp-json\/wp\/v2\/users\/1"}],"replies":[{"embeddable":true,"href":"https:\/\/blogdoedvaldomagalhaes.com.br\/index.php\/wp-json\/wp\/v2\/comments?post=1770"}],"version-history":[{"count":1,"href":"https:\/\/blogdoedvaldomagalhaes.com.br\/index.php\/wp-json\/wp\/v2\/posts\/1770\/revisions"}],"predecessor-version":[{"id":32787,"href":"https:\/\/blogdoedvaldomagalhaes.com.br\/index.php\/wp-json\/wp\/v2\/posts\/1770\/revisions\/32787"}],"wp:attachment":[{"href":"https:\/\/blogdoedvaldomagalhaes.com.br\/index.php\/wp-json\/wp\/v2\/media?parent=1770"}],"wp:term":[{"taxonomy":"category","embeddable":true,"href":"https:\/\/blogdoedvaldomagalhaes.com.br\/index.php\/wp-json\/wp\/v2\/categories?post=1770"},{"taxonomy":"post_tag","embeddable":true,"href":"https:\/\/blogdoedvaldomagalhaes.com.br\/index.php\/wp-json\/wp\/v2\/tags?post=1770"}],"curies":[{"name":"wp","href":"https:\/\/api.w.org\/{rel}","templated":true}]}}