{"id":1769,"date":"2018-07-14T14:31:00","date_gmt":"2018-07-14T17:31:00","guid":{"rendered":"http:\/\/blogdoedvaldomagalhaes.com.br\/index.php\/2018\/07\/14\/policia-civil-divulga-retrato-falado-de\/"},"modified":"2019-02-09T02:24:49","modified_gmt":"2019-02-09T04:24:49","slug":"policia-civil-divulga-retrato-falado-de","status":"publish","type":"post","link":"https:\/\/blogdoedvaldomagalhaes.com.br\/index.php\/2018\/07\/14\/policia-civil-divulga-retrato-falado-de\/","title":{"rendered":"Pol\u00edcia Civil divulga retrato falado de suspeito de matar advogado em Caruaru"},"content":{"rendered":"<div class=\"separator\" style=\"clear: both; text-align: center;\">\n<a href=\"https:\/\/2.bp.blogspot.com\/-gRjfUPH-Fp8\/W0oIXyo9bgI\/AAAAAAAA2bM\/fXxnAIUNZaAbgHvTQzLGGzOsTWzo0W4VQCLcBGAs\/s1600\/IMG-20180714-WA0032.jpg\" imageanchor=\"1\" style=\"margin-left: 1em; margin-right: 1em;\"><img loading=\"lazy\" decoding=\"async\" border=\"0\" data-original-height=\"1108\" data-original-width=\"1272\" height=\"556\" src=\"http:\/\/blogdoedvaldomagalhaes.com.br\/wp-content\/uploads\/2018\/07\/IMG-20180714-WA0032.jpg\" width=\"640\" \/><\/a><\/div>\n<p><\/p>\n<div style=\"text-align: justify;\">\nA Pol\u00edcia Civil apresentou o retrato falado do suspeito de assassinar o advogado Andr\u00e9 Ambr\u00f3sio, de 46 anos, na \u00faltima quinta-feira (12), em Caruaru. &nbsp;O homem tem a pele parda escura, idade entre 26 e 30 anos e altura entre 1,65 e 1,70cm. Possui uma tatuagem grande no bra\u00e7o esquerdo<\/div>\n<div style=\"text-align: justify;\">\n<\/div>\n<div style=\"text-align: justify;\">\nInforma\u00e7\u00e3o podem ser repassadas atrav\u00e9s do WhatsApp 99488.7042, da delegacia de Homic\u00eddios. O anonimato \u00e9 garantido.<\/div>\n<p><\/p>\n<div class=\"separator\" style=\"clear: both; text-align: center;\">\n<a href=\"https:\/\/2.bp.blogspot.com\/-TJOS61S8mpE\/W0oIZzcxBoI\/AAAAAAAA2bQ\/OU2fKkTfLe0f_Uk1XLFHP1x31JJK_lY1ACLcBGAs\/s1600\/IMG-20180714-WA0031.jpg\" imageanchor=\"1\" style=\"margin-left: 1em; margin-right: 1em;\"><img loading=\"lazy\" decoding=\"async\" border=\"0\" data-original-height=\"1280\" data-original-width=\"1035\" height=\"640\" src=\"http:\/\/blogdoedvaldomagalhaes.com.br\/wp-content\/uploads\/2018\/07\/IMG-20180714-WA0031.jpg\" width=\"516\" \/><\/a><\/div>\n<p><\/p>\n","protected":false},"excerpt":{"rendered":"<p>A Pol\u00edcia Civil apresentou o retrato falado do suspeito de assassinar o advogado Andr\u00e9 Ambr\u00f3sio, de 46 anos, na \u00faltima&hellip;<\/p>\n","protected":false},"author":1,"featured_media":0,"comment_status":"open","ping_status":"open","sticky":false,"template":"","format":"standard","meta":{"footnotes":""},"categories":[1],"tags":[2,13],"class_list":["post-1769","post","type-post","status-publish","format-standard","hentry","category-sem-categoria","tag-blog-do-edvaldo-magalhaes","tag-policial"],"_links":{"self":[{"href":"https:\/\/blogdoedvaldomagalhaes.com.br\/index.php\/wp-json\/wp\/v2\/posts\/1769","targetHints":{"allow":["GET"]}}],"collection":[{"href":"https:\/\/blogdoedvaldomagalhaes.com.br\/index.php\/wp-json\/wp\/v2\/posts"}],"about":[{"href":"https:\/\/blogdoedvaldomagalhaes.com.br\/index.php\/wp-json\/wp\/v2\/types\/post"}],"author":[{"embeddable":true,"href":"https:\/\/blogdoedvaldomagalhaes.com.br\/index.php\/wp-json\/wp\/v2\/users\/1"}],"replies":[{"embeddable":true,"href":"https:\/\/blogdoedvaldomagalhaes.com.br\/index.php\/wp-json\/wp\/v2\/comments?post=1769"}],"version-history":[{"count":1,"href":"https:\/\/blogdoedvaldomagalhaes.com.br\/index.php\/wp-json\/wp\/v2\/posts\/1769\/revisions"}],"predecessor-version":[{"id":32790,"href":"https:\/\/blogdoedvaldomagalhaes.com.br\/index.php\/wp-json\/wp\/v2\/posts\/1769\/revisions\/32790"}],"wp:attachment":[{"href":"https:\/\/blogdoedvaldomagalhaes.com.br\/index.php\/wp-json\/wp\/v2\/media?parent=1769"}],"wp:term":[{"taxonomy":"category","embeddable":true,"href":"https:\/\/blogdoedvaldomagalhaes.com.br\/index.php\/wp-json\/wp\/v2\/categories?post=1769"},{"taxonomy":"post_tag","embeddable":true,"href":"https:\/\/blogdoedvaldomagalhaes.com.br\/index.php\/wp-json\/wp\/v2\/tags?post=1769"}],"curies":[{"name":"wp","href":"https:\/\/api.w.org\/{rel}","templated":true}]}}