{"id":1768,"date":"2018-07-14T15:36:00","date_gmt":"2018-07-14T18:36:00","guid":{"rendered":"http:\/\/blogdoedvaldomagalhaes.com.br\/index.php\/2018\/07\/14\/festa-do-maior-munguza-do-sertao-e\/"},"modified":"2019-02-09T02:24:49","modified_gmt":"2019-02-09T04:24:49","slug":"festa-do-maior-munguza-do-sertao-e","status":"publish","type":"post","link":"https:\/\/blogdoedvaldomagalhaes.com.br\/index.php\/2018\/07\/14\/festa-do-maior-munguza-do-sertao-e\/","title":{"rendered":"Festa do Maior Munguz\u00e1 do Sert\u00e3o em Caruaru"},"content":{"rendered":"<div class=\"separator\" style=\"clear: both; text-align: center;\">\n<a href=\"https:\/\/4.bp.blogspot.com\/-scQXiXiUwoc\/W0oXIH4Dv_I\/AAAAAAAA2bk\/dDLeWX7lWUoFiOeTozTVSOkdb0ychSKpwCLcBGAs\/s1600\/IMG-20180712-WA0171.jpg\" imageanchor=\"1\" style=\"margin-left: 1em; margin-right: 1em;\"><img loading=\"lazy\" decoding=\"async\" border=\"0\" data-original-height=\"1280\" data-original-width=\"905\" height=\"640\" src=\"http:\/\/blogdoedvaldomagalhaes.com.br\/wp-content\/uploads\/2018\/07\/IMG-20180712-WA0171.jpg\" width=\"452\" \/><\/a><\/div>\n<p><\/p>\n<div style=\"text-align: justify;\">\nA Festa do Maior Munguz\u00e1 do Sert\u00e3o, ser\u00e1 realizada no pr\u00f3ximo s\u00e1bado (21), a partir das 19h, &nbsp;na rua 63, no bairro Rendeiras, em Caruaru. &nbsp;Este ser a o nono ano da festa, que tem organiza\u00e7\u00e3o de Alexandre Pirulito.&nbsp;<\/div>\n","protected":false},"excerpt":{"rendered":"<p>A Festa do Maior Munguz\u00e1 do Sert\u00e3o, ser\u00e1 realizada no pr\u00f3ximo s\u00e1bado (21), a partir das 19h, &nbsp;na rua 63,&hellip;<\/p>\n","protected":false},"author":1,"featured_media":0,"comment_status":"open","ping_status":"open","sticky":false,"template":"","format":"standard","meta":{"footnotes":""},"categories":[1],"tags":[2,6],"class_list":["post-1768","post","type-post","status-publish","format-standard","hentry","category-sem-categoria","tag-blog-do-edvaldo-magalhaes","tag-noticias"],"_links":{"self":[{"href":"https:\/\/blogdoedvaldomagalhaes.com.br\/index.php\/wp-json\/wp\/v2\/posts\/1768","targetHints":{"allow":["GET"]}}],"collection":[{"href":"https:\/\/blogdoedvaldomagalhaes.com.br\/index.php\/wp-json\/wp\/v2\/posts"}],"about":[{"href":"https:\/\/blogdoedvaldomagalhaes.com.br\/index.php\/wp-json\/wp\/v2\/types\/post"}],"author":[{"embeddable":true,"href":"https:\/\/blogdoedvaldomagalhaes.com.br\/index.php\/wp-json\/wp\/v2\/users\/1"}],"replies":[{"embeddable":true,"href":"https:\/\/blogdoedvaldomagalhaes.com.br\/index.php\/wp-json\/wp\/v2\/comments?post=1768"}],"version-history":[{"count":1,"href":"https:\/\/blogdoedvaldomagalhaes.com.br\/index.php\/wp-json\/wp\/v2\/posts\/1768\/revisions"}],"predecessor-version":[{"id":32792,"href":"https:\/\/blogdoedvaldomagalhaes.com.br\/index.php\/wp-json\/wp\/v2\/posts\/1768\/revisions\/32792"}],"wp:attachment":[{"href":"https:\/\/blogdoedvaldomagalhaes.com.br\/index.php\/wp-json\/wp\/v2\/media?parent=1768"}],"wp:term":[{"taxonomy":"category","embeddable":true,"href":"https:\/\/blogdoedvaldomagalhaes.com.br\/index.php\/wp-json\/wp\/v2\/categories?post=1768"},{"taxonomy":"post_tag","embeddable":true,"href":"https:\/\/blogdoedvaldomagalhaes.com.br\/index.php\/wp-json\/wp\/v2\/tags?post=1768"}],"curies":[{"name":"wp","href":"https:\/\/api.w.org\/{rel}","templated":true}]}}