{"id":1765,"date":"2018-07-15T19:08:00","date_gmt":"2018-07-15T22:08:00","guid":{"rendered":"http:\/\/blogdoedvaldomagalhaes.com.br\/index.php\/2018\/07\/15\/franca-derrota-croacia-por-42-e\/"},"modified":"2019-02-09T02:24:54","modified_gmt":"2019-02-09T04:24:54","slug":"franca-derrota-croacia-por-42-e","status":"publish","type":"post","link":"https:\/\/blogdoedvaldomagalhaes.com.br\/index.php\/2018\/07\/15\/franca-derrota-croacia-por-42-e\/","title":{"rendered":"Fran\u00e7a derrota a Cro\u00e1cia por 4\u00d72 e conquista a sua segunda Copa do Mundo"},"content":{"rendered":"<div class=\"separator\" style=\"clear: both; text-align: center;\">\n<a href=\"https:\/\/2.bp.blogspot.com\/-ELbD4YJ4Clk\/W0ubl4Wr9aI\/AAAAAAAA2dY\/nE1xuUBFCXw0Qp-f6dCeAhxqQnzw6545wCLcBGAs\/s1600\/frna%25C3%25A7a.jpg\" imageanchor=\"1\" style=\"margin-left: 1em; margin-right: 1em;\"><img loading=\"lazy\" decoding=\"async\" border=\"0\" data-original-height=\"365\" data-original-width=\"930\" height=\"250\" src=\"http:\/\/blogdoedvaldomagalhaes.com.br\/wp-content\/uploads\/2018\/07\/frnaC3A7a.jpg\" width=\"640\" \/><\/a><\/div>\n<div class=\"separator\" style=\"clear: both; text-align: center;\">\nFoto: Adrian Dennis\/AFP<\/div>\n<div style=\"text-align: justify;\">\n<br \/>\nNa final com mais gols na Copa do Mundo em 52 anos, a Fran\u00e7a conquistou o t\u00edtulo pela segunda vez. A equipe passou sufoco, foi dominada durante o primeiro tempo mas deslanchou na etapa final e bateu a Cro\u00e1cia por 4\u00d72 neste domingo (15), em Moscou.<\/div>\n<div style=\"text-align: justify;\">\n<\/div>\n<div style=\"text-align: justify;\">\nDesde que a Inglaterra bateu a Alemanha tamb\u00e9m por 4\u00d72 em 1966 uma decis\u00e3o de Mundial n\u00e3o tem seis gols marcados. E aquela partida foi decidida na prorroga\u00e7\u00e3o. A Fran\u00e7a foi campe\u00e3 nos 90 minutos regulamentares. A \u00faltima vez que um jogo de t\u00edtulo teve mais do que seis gols, o Brasil foi campe\u00e3o sobre a Su\u00e9cia: 5\u00d72.<\/div>\n<div style=\"text-align: justify;\">\n<\/div>\n<div style=\"text-align: justify;\">\nA conquista acontece 20 anos ap\u00f3s os franceses terem sido campe\u00f5es pela primeira vez. Em 1998, atuando em casa, passaram pelo Brasil por 3\u00d70. Neste domingo, com a partida empatada, o VAR foi utilizado pela primeira vez na hist\u00f3ria das finais de Copa e ajudou os agora bicampe\u00f5es e anotarem o segundo gol.<\/div>\n<div style=\"text-align: justify;\">\n<\/div>\n<div style=\"text-align: justify;\">\nFoi um imponder\u00e1vel do futebol que a Fran\u00e7a tenha terminado o primeiro tempo vencendo por 2\u00d71. A Cro\u00e1cia dominou o jogo. Com seus meias adiantados e Brozovic marcando Griezmann de perto, a equipe considerada zebra teve o controle das a\u00e7\u00f5es e for\u00e7ou os lances pelas laterais. Por mais que n\u00e3o tenha conseguido criar grandes chances.<\/div>\n<div style=\"text-align: justify;\">\n<\/div>\n<div style=\"text-align: justify;\">\nMas a Fran\u00e7a tamb\u00e9m n\u00e3o criou. Apesar disso fez dois gols em jogadas de bola parada. Em uma delas, o \u00e1rbitro argentino N\u00e9stor Pitana errou e marcou falta inexistente sobre Griezmann. Mandzukic desviou a cobran\u00e7a fez o primeiro gol contra da hist\u00f3ria em uma final de Copa do Mundo.<\/div>\n<div style=\"text-align: justify;\">\n<\/div>\n<div style=\"text-align: justify;\">\nTodas as vezes que conseguiu colocar a bola na \u00e1rea ou entrou com a bola dominada, a Cro\u00e1cia incomodou. Fosse com Rebic, Perisic pelos lados ou Mandzukic pelo lado, a Fran\u00e7a tinha problemas.<\/div>\n<div style=\"text-align: justify;\">\n<\/div>\n<div style=\"text-align: justify;\">\nFaltava um pouco de sorte para a equipe do armador Modric, at\u00e9 que a bola sobrou para Perisic empatar. Como aconteceu todas as vezes a partir das oitavas de final, os croatas sa\u00edam atr\u00e1s do placar, mas ia buscar a igualdade.<\/div>\n<div style=\"text-align: justify;\">\n<\/div>\n<div style=\"text-align: justify;\">\nA Fran\u00e7a era burocr\u00e1tica e Mbapp\u00e9 estava apagado. Como aconteceu em outros momentos do torneio, como diante da Austr\u00e1lia ou Argentina, teve um golpe de sorte. O VAR fez Pitana anotar um p\u00eanalti contestado em toque na m\u00e3o de Perisic na \u00e1rea. Griezmann marcou pela quarta vez no torneio. Tr\u00eas da marca penal.<\/div>\n<div style=\"text-align: justify;\">\n<\/div>\n<div style=\"text-align: justify;\">\nO gol de Grizemann foi o primeiro de um atacante em finais de Copa desde que Ronaldo marcou duas vezes em 2002 diante da Alemanha.<\/div>\n<div style=\"text-align: justify;\">\n<\/div>\n<div style=\"text-align: justify;\">\nFoi tamb\u00e9m uma ducha gelada na torcida no est\u00e1dio Lujniki, que tinha maioria esmagadora favor\u00e1vel \u00e0 Cro\u00e1cia. Al\u00e9m dos croatas, os neutros torciam contra a Fran\u00e7a.<\/div>\n<div style=\"text-align: justify;\">\n<\/div>\n<div style=\"text-align: justify;\">\nHavia o temor de que a Cro\u00e1cia poderia cansar no segundo tempo. Havia jogado prorroga\u00e7\u00f5es em todas as fases eliminat\u00f3rias at\u00e9 a decis\u00e3o. A Fran\u00e7a s\u00f3 havia atuado 90 minutos nas oitavas, quartas e semifinal. Ficou a sensa\u00e7\u00e3o de que isso aconteceria. Os croatas pararam em campo. Os franceses passaram por cima.<\/div>\n<div style=\"text-align: justify;\">\n<\/div>\n<div style=\"text-align: justify;\">\nNo espa\u00e7o de sete minutos, Pogba fez o terceiro ap\u00f3s ajeitada de Griezmann e Mbapp\u00e9 anotou o quarto em chute da intermedi\u00e1ria. Com o controle da partida, poderia ter feito mais gols. Mas de repente, Descahmps tirou Kant\u00e9, o volante que \u00e9 o cora\u00e7\u00e3o do time, para colocar N\u2019Zonzi.<\/div>\n<div style=\"text-align: justify;\">\n<\/div>\n<div style=\"text-align: justify;\">\nA Cro\u00e1cia melhorou e ainda contou com a falha escandalosa do goleiro Lloris, que tentou driblar Mandzukic dentro da \u00e1rea e deu o gol para o atacante advers\u00e1rio. \u00c9 bem poss\u00edvel que se a final estivesse empatada ou com placar apertado, ele n\u00e3o tentaria aquela jogada. Mas tentou e se deu mal.<\/div>\n<div style=\"text-align: justify;\">\n<\/div>\n<div style=\"text-align: justify;\">\nO lance deu \u00e2nimo para a sele\u00e7\u00e3o que pareceu entregue por alguns minutos. Mesmo aparentando cansa\u00e7o, Modric se deslocava, pedia a bola, desesperado para fazer a diferen\u00e7a em campo. A Fran\u00e7a voltou para o posicionamento que tantas vezes adotou nesta Copa do Mundo: recuar esperando a recupera\u00e7\u00e3o da bola para que Pogba acionasse Mbapp\u00e9 na velocidade.<\/div>\n<div style=\"text-align: justify;\">\n<\/div>\n<div style=\"text-align: justify;\">\nEsta foi tamb\u00e9m outra diferen\u00e7a entre as duas sele\u00e7\u00f5es ap\u00f3s o intervalo. Mbapp\u00e9 come\u00e7ou a aparecer mais em campo e criar problemas. Sua participa\u00e7\u00e3o no terceiro gol tornou poss\u00edvel a ajeitada de Griezmann para Pogba, al\u00e9m de ter marcado o quarto. Na velocidade, nenhum marcador croata era p\u00e1reo para ele.<\/div>\n<div style=\"text-align: justify;\">\n<\/div>\n<div style=\"text-align: justify;\">\nA torcida croata e neutra tentou empurrar a sele\u00e7\u00e3o que ningu\u00e9m esperava que chegasse t\u00e3o longe. Foi o grande conto de fadas daCopa do Mundo de 2018. Mas havia chegado no limite. A Fran\u00e7a tinha melhores valores individuais, mesmo que seus craques Griezmann, Mbapp\u00e9 e Pogba n\u00e3o tenham feito uma decis\u00e3o de melhores do mundo, pr\u00eamio a que s\u00e3o candidatos.<\/div>\n<div style=\"text-align: justify;\">\n<\/div>\n<div style=\"text-align: justify;\">\nPouco importa. A sele\u00e7\u00e3o deles atuou de forma pragm\u00e1tica quando preciso e voltou a ser campe\u00e3 ap\u00f3s 20 anos.<\/div>\n<div style=\"text-align: justify;\">\n<\/div>\n<div style=\"text-align: justify;\">\n<b>FICHA T\u00c9CNICA:<\/b><\/div>\n<div style=\"text-align: justify;\">\n<\/div>\n<div style=\"text-align: justify;\">\n<b>FRAN\u00c7A:&nbsp;<\/b>Lloris; Pavard, Varane, Umtiti e Lucas Hern\u00e1ndez; Kant\u00e9 (N\u2019Zonzi) e Pogba; Mbapp\u00e9, Griezmann e Matuidi (Tolisso); Giroud (Fekir).&nbsp;T\u00e9cnico: Didier Deschamps.<\/div>\n<div style=\"text-align: justify;\">\n<\/div>\n<div style=\"text-align: justify;\">\n<b>CRO\u00c1CIA:&nbsp;<\/b>Subasic; Vrsaljko, Lovren, Vida e Strinic (Pjaca); Rakitic e Brozovic; Rebic (Kramaric), Modric e Perisic; Mandzukic.&nbsp;T\u00e9cnico: Zlatko Dalic.<\/div>\n<div style=\"text-align: justify;\">\n<\/div>\n<div style=\"text-align: justify;\">\n<b>\u00c1rbitro<\/b>: N\u00e9stor Pitana (Argentina).&nbsp;<b>Assistentes<\/b>: Hernan Pablo Maidana e Juan Pablo Belatti (ambos da Argentina)<\/div>\n<div style=\"text-align: justify;\">\nCart\u00f5es Amarelos: Kant\u00e9 e Hern\u00e1ndez (Fran\u00e7a)<\/p>\n<\/div>\n<div style=\"text-align: justify;\">\n<b>Gols<\/b>: FRAN\u00c7A: Mandzukic (contra), aos 18 minutos do primeiro tempo; Griezmann, aos 37 minutos do primeiro tempo; Pogba, aos 13 minutos do segundo tempo, e Mbapp\u00e9, aos 19 minutos do segundo tempo.<\/div>\n<div style=\"text-align: justify;\">\nCRO\u00c1CIA: Perisic, aos 27 minutos do primeiro tempo, e Mandzukic, aos 23 minutos do segundo tempo<\/div>\n<div style=\"text-align: justify;\">\n<\/div>\n<div style=\"text-align: justify;\">\nFonte: FolhaPE<\/div>\n<div style=\"text-align: justify;\">\n<\/div>\n<div style=\"text-align: justify;\">\n<\/div>\n","protected":false},"excerpt":{"rendered":"<p>Foto: Adrian Dennis\/AFP Na final com mais gols na Copa do Mundo em 52 anos, a Fran\u00e7a conquistou o t\u00edtulo&hellip;<\/p>\n","protected":false},"author":1,"featured_media":0,"comment_status":"open","ping_status":"open","sticky":false,"template":"","format":"standard","meta":{"footnotes":""},"categories":[1],"tags":[2,1786,3],"class_list":["post-1765","post","type-post","status-publish","format-standard","hentry","category-sem-categoria","tag-blog-do-edvaldo-magalhaes","tag-franca-derrota-a-croacia-por-4x2-e-conquista-a-sua-segunda-copa-do-mundo","tag-futebol"],"_links":{"self":[{"href":"https:\/\/blogdoedvaldomagalhaes.com.br\/index.php\/wp-json\/wp\/v2\/posts\/1765","targetHints":{"allow":["GET"]}}],"collection":[{"href":"https:\/\/blogdoedvaldomagalhaes.com.br\/index.php\/wp-json\/wp\/v2\/posts"}],"about":[{"href":"https:\/\/blogdoedvaldomagalhaes.com.br\/index.php\/wp-json\/wp\/v2\/types\/post"}],"author":[{"embeddable":true,"href":"https:\/\/blogdoedvaldomagalhaes.com.br\/index.php\/wp-json\/wp\/v2\/users\/1"}],"replies":[{"embeddable":true,"href":"https:\/\/blogdoedvaldomagalhaes.com.br\/index.php\/wp-json\/wp\/v2\/comments?post=1765"}],"version-history":[{"count":1,"href":"https:\/\/blogdoedvaldomagalhaes.com.br\/index.php\/wp-json\/wp\/v2\/posts\/1765\/revisions"}],"predecessor-version":[{"id":32798,"href":"https:\/\/blogdoedvaldomagalhaes.com.br\/index.php\/wp-json\/wp\/v2\/posts\/1765\/revisions\/32798"}],"wp:attachment":[{"href":"https:\/\/blogdoedvaldomagalhaes.com.br\/index.php\/wp-json\/wp\/v2\/media?parent=1765"}],"wp:term":[{"taxonomy":"category","embeddable":true,"href":"https:\/\/blogdoedvaldomagalhaes.com.br\/index.php\/wp-json\/wp\/v2\/categories?post=1765"},{"taxonomy":"post_tag","embeddable":true,"href":"https:\/\/blogdoedvaldomagalhaes.com.br\/index.php\/wp-json\/wp\/v2\/tags?post=1765"}],"curies":[{"name":"wp","href":"https:\/\/api.w.org\/{rel}","templated":true}]}}