{"id":1764,"date":"2018-07-15T19:21:00","date_gmt":"2018-07-15T22:21:00","guid":{"rendered":"http:\/\/blogdoedvaldomagalhaes.com.br\/index.php\/2018\/07\/15\/policia-militar-desarticula-quadrilha\/"},"modified":"2019-02-09T02:24:54","modified_gmt":"2019-02-09T04:24:54","slug":"policia-militar-desarticula-quadrilha","status":"publish","type":"post","link":"https:\/\/blogdoedvaldomagalhaes.com.br\/index.php\/2018\/07\/15\/policia-militar-desarticula-quadrilha\/","title":{"rendered":"Pol\u00edcia Militar desarticula quadrilha de assaltantes em Belo Jardim"},"content":{"rendered":"<div class=\"separator\" style=\"clear: both; text-align: center;\">\n<a href=\"https:\/\/1.bp.blogspot.com\/-Ie9Sf5E7bCw\/W0ueuULh2hI\/AAAAAAAA2dk\/x1UG48OIyZMIHsY3H3XunaAQ8BDRMwpWACLcBGAs\/s1600\/pm.jpg\" imageanchor=\"1\" style=\"margin-left: 1em; margin-right: 1em;\"><img loading=\"lazy\" decoding=\"async\" border=\"0\" data-original-height=\"375\" data-original-width=\"500\" height=\"480\" src=\"http:\/\/blogdoedvaldomagalhaes.com.br\/wp-content\/uploads\/2018\/07\/pm-1.jpg\" width=\"640\" \/><\/a><\/div>\n<div class=\"separator\" style=\"clear: both; text-align: center;\">\nFoto: PMPE\/Divulga\u00e7\u00e3o<\/div>\n<div style=\"background-color: white; box-sizing: border-box; line-height: 24px; margin-bottom: 10px; text-align: justify;\">\n<\/div>\n<div style=\"background-color: white; box-sizing: border-box; line-height: 24px; margin-bottom: 10px; text-align: justify;\">\nPoliciais do 15\u00b0 Batalh\u00e3o da Pol\u00edcia Militar, com o apoio do 1\u00b0 BIEsp, prenderam neste s\u00e1bado (14) tr\u00eas integrantes de uma quadrilha suspeita de homic\u00eddios e roubo em Belo Jardim. Ap\u00f3s receber informa\u00e7\u00f5es e caracter\u00edsticas da quadrilha, o efetivo policial seguiu em dilig\u00eancias e se deparou com o carro na BR-232, pr\u00f3ximo ao bairro Frei Dami\u00e3o.<\/div>\n<div style=\"background-color: white; box-sizing: border-box; line-height: 24px; margin-bottom: 10px; text-align: justify;\">\nAo perceberem que estavam sendo seguidos os suspeitos empreenderam fuga, mas colidiram com o carro em uma cerca de uma loja de material de constru\u00e7\u00e3o. Eles desceram do ve\u00edculo atirando contra os policiais, que revidaram atingindo um dos elementos. Outros dois suspeitos foram detidos e um quarto conseguiu fugir.<\/div>\n<div style=\"background-color: white; box-sizing: border-box; line-height: 24px; margin-bottom: 10px; text-align: justify;\">\nCom a quadrilha foram apreendidas uma espingarda industrial calibre 12, duas espingardas calibre 32 e uma pistola 765. O suspeito atingido na troca de tiros foi socorrido para o Hospital Regional do Agreste (HRA), em Caruaru. No carro, que estava com restri\u00e7\u00e3o de roubo, foram encontrados os pertences das v\u00edtimas.<\/div>\n","protected":false},"excerpt":{"rendered":"<p>Foto: PMPE\/Divulga\u00e7\u00e3o Policiais do 15\u00b0 Batalh\u00e3o da Pol\u00edcia Militar, com o apoio do 1\u00b0 BIEsp, prenderam neste s\u00e1bado (14) tr\u00eas&hellip;<\/p>\n","protected":false},"author":1,"featured_media":0,"comment_status":"open","ping_status":"open","sticky":false,"template":"","format":"standard","meta":{"footnotes":""},"categories":[1],"tags":[2,1785,13],"class_list":["post-1764","post","type-post","status-publish","format-standard","hentry","category-sem-categoria","tag-blog-do-edvaldo-magalhaes","tag-policia-militar-desarticula-quadrilha-de-assaltantes-em-belo-jardim","tag-policial"],"_links":{"self":[{"href":"https:\/\/blogdoedvaldomagalhaes.com.br\/index.php\/wp-json\/wp\/v2\/posts\/1764","targetHints":{"allow":["GET"]}}],"collection":[{"href":"https:\/\/blogdoedvaldomagalhaes.com.br\/index.php\/wp-json\/wp\/v2\/posts"}],"about":[{"href":"https:\/\/blogdoedvaldomagalhaes.com.br\/index.php\/wp-json\/wp\/v2\/types\/post"}],"author":[{"embeddable":true,"href":"https:\/\/blogdoedvaldomagalhaes.com.br\/index.php\/wp-json\/wp\/v2\/users\/1"}],"replies":[{"embeddable":true,"href":"https:\/\/blogdoedvaldomagalhaes.com.br\/index.php\/wp-json\/wp\/v2\/comments?post=1764"}],"version-history":[{"count":1,"href":"https:\/\/blogdoedvaldomagalhaes.com.br\/index.php\/wp-json\/wp\/v2\/posts\/1764\/revisions"}],"predecessor-version":[{"id":32800,"href":"https:\/\/blogdoedvaldomagalhaes.com.br\/index.php\/wp-json\/wp\/v2\/posts\/1764\/revisions\/32800"}],"wp:attachment":[{"href":"https:\/\/blogdoedvaldomagalhaes.com.br\/index.php\/wp-json\/wp\/v2\/media?parent=1764"}],"wp:term":[{"taxonomy":"category","embeddable":true,"href":"https:\/\/blogdoedvaldomagalhaes.com.br\/index.php\/wp-json\/wp\/v2\/categories?post=1764"},{"taxonomy":"post_tag","embeddable":true,"href":"https:\/\/blogdoedvaldomagalhaes.com.br\/index.php\/wp-json\/wp\/v2\/tags?post=1764"}],"curies":[{"name":"wp","href":"https:\/\/api.w.org\/{rel}","templated":true}]}}