{"id":1763,"date":"2018-07-15T19:30:00","date_gmt":"2018-07-15T22:30:00","guid":{"rendered":"http:\/\/blogdoedvaldomagalhaes.com.br\/index.php\/2018\/07\/15\/veja-como-foi-festa-da-fogueira-que\/"},"modified":"2019-02-09T02:24:55","modified_gmt":"2019-02-09T04:24:55","slug":"veja-como-foi-festa-da-fogueira-que","status":"publish","type":"post","link":"https:\/\/blogdoedvaldomagalhaes.com.br\/index.php\/2018\/07\/15\/veja-como-foi-festa-da-fogueira-que\/","title":{"rendered":"Veja como foi a \u201cFesta da Fogueira\u201d que encerrou o Ciclo Junino de Riacho das Almas"},"content":{"rendered":"<div class=\"separator\" style=\"clear: both; text-align: center;\">\n<a href=\"https:\/\/4.bp.blogspot.com\/-iKqade8SIag\/W0ugnIw1meI\/AAAAAAAA2dw\/rlzOMfxJ-r06X3ZMbH9KP0souVjDATBxQCLcBGAs\/s1600\/1.jpg\" imageanchor=\"1\" style=\"margin-left: 1em; margin-right: 1em;\"><img loading=\"lazy\" decoding=\"async\" border=\"0\" data-original-height=\"778\" data-original-width=\"1600\" height=\"310\" src=\"http:\/\/blogdoedvaldomagalhaes.com.br\/wp-content\/uploads\/2018\/07\/1-7.jpg\" width=\"640\" \/><\/a><\/div>\n<div style=\"text-align: justify;\">\n<\/div>\n<div style=\"text-align: justify;\">\nA tradicional Festa da Fogueira, no bairro Alto do Jiquiri, encerrou o per\u00edodo junino de Riacho das Almas, na noite desse s\u00e1bado (14). A fogueira gigante, que \u00e9 a grande marca do evento, este ano teve 15 metros de altura.<\/p>\n<\/div>\n<div style=\"text-align: justify;\">\n<div class=\"separator\" style=\"clear: both; text-align: center;\">\n<a href=\"https:\/\/2.bp.blogspot.com\/-qkgmV_i8DsM\/W0uhK6JxmZI\/AAAAAAAA2d4\/kQ8wz_Byp1Ac284q5F4NZtZrgLzcRGt-QCLcBGAs\/s1600\/2.jpg\" imageanchor=\"1\" style=\"margin-left: 1em; margin-right: 1em;\"><img loading=\"lazy\" decoding=\"async\" border=\"0\" data-original-height=\"778\" data-original-width=\"1600\" height=\"310\" src=\"http:\/\/blogdoedvaldomagalhaes.com.br\/wp-content\/uploads\/2018\/07\/2-3.jpg\" width=\"640\" \/><\/a><\/div>\n<p><\/div>\n<div style=\"text-align: justify;\">\nO evento reuniu aproximadamente dez mil pessoas que em uma festa tranquila e animada dan\u00e7aram e cantaram ao som da forrozeira \u201cdas cinquenta horas de Forr\u00f3\u201d Cylene Ara\u00fajo e da dupla Amigos Sertanejos, que trouxe um show para agradar a todos os p\u00fablicos, com sucessos que foram de Jorge e Mateus a Amado Batista. \u201cEu acho muito bacana essa iniciativa de fazer uma festa de S\u00e3o Jo\u00e3o j\u00e1 no meio do m\u00eas de julho. Muitas cidades s\u00f3 fazem festa na semana do S\u00e3o Jo\u00e3o, e depois acaba. Acho que mais cidades deveriam seguir o exemplo de Riacho das Almas. Se eu pudesse, estenderia o S\u00e3o Jo\u00e3o para o ano todo\u201d, brincou um dos vocalistas dos Amigos Sertanejos Andrezinho.<\/p>\n<\/div>\n<div style=\"text-align: justify;\">\n<div class=\"separator\" style=\"clear: both; text-align: center;\">\n<a href=\"https:\/\/1.bp.blogspot.com\/-ed_BgeP71z4\/W0uhWGYc5vI\/AAAAAAAA2d8\/pYstzjc5e8EegRgRZY8VFoYwm8q11Z0PgCLcBGAs\/s1600\/3.jpg\" imageanchor=\"1\" style=\"margin-left: 1em; margin-right: 1em;\"><img loading=\"lazy\" decoding=\"async\" border=\"0\" data-original-height=\"778\" data-original-width=\"1600\" height=\"310\" src=\"http:\/\/blogdoedvaldomagalhaes.com.br\/wp-content\/uploads\/2018\/07\/3-4.jpg\" width=\"640\" \/><\/a><\/div>\n<p><\/div>\n<div style=\"text-align: justify;\">\n<b>Hist\u00f3ria <\/b>&#8211; A Festa da Fogueira foi idealizada em 2005 por Zezito Caetano, morador do Alto do Jiquiri. Na \u00e9poca, ele construiu uma fogueira com 3m de altura, chamou um trio-p\u00e9-serra, reuniu os vizinhos e fez a primeira festa, que ao longo dos anos foi crescendo junto com a altura da fogueira.&nbsp;&nbsp;<\/p>\n<div class=\"separator\" style=\"clear: both; text-align: center;\">\n<a href=\"https:\/\/1.bp.blogspot.com\/-81wQThRttfE\/W0uhfpHu64I\/AAAAAAAA2eE\/WR1BAoC_EScmsXB4271dVgRST96lb-UHwCLcBGAs\/s1600\/4.jpg\" imageanchor=\"1\" style=\"margin-left: 1em; margin-right: 1em;\"><img loading=\"lazy\" decoding=\"async\" border=\"0\" data-original-height=\"778\" data-original-width=\"1600\" height=\"310\" src=\"http:\/\/blogdoedvaldomagalhaes.com.br\/wp-content\/uploads\/2018\/07\/4-2.jpg\" width=\"640\" \/><\/a><\/div>\n<\/div>\n<div style=\"text-align: justify;\">\n<\/div>\n<div style=\"background-color: white; color: #222222; font-family: arial, sans-serif; font-size: 12.8px; margin-bottom: 0pt;\">\n<i><b>Fotos da Assessoria de Imprensa da Prefeitura de Riacho das Almas\/Divulga\u00e7\u00e3o<\/b><\/i><\/div>\n<div>\n<i><b><br \/><\/b><\/i><\/div>\n<div style=\"text-align: justify;\">\n<\/div>\n","protected":false},"excerpt":{"rendered":"<p>A tradicional Festa da Fogueira, no bairro Alto do Jiquiri, encerrou o per\u00edodo junino de Riacho das Almas, na noite&hellip;<\/p>\n","protected":false},"author":1,"featured_media":0,"comment_status":"open","ping_status":"open","sticky":false,"template":"","format":"standard","meta":{"footnotes":""},"categories":[1],"tags":[2,6,1784],"class_list":["post-1763","post","type-post","status-publish","format-standard","hentry","category-sem-categoria","tag-blog-do-edvaldo-magalhaes","tag-noticias","tag-veja-como-foi-a-festa-da-fogueira-que-encerrou-o-ciclo-junino-de-riacho-das-almas"],"_links":{"self":[{"href":"https:\/\/blogdoedvaldomagalhaes.com.br\/index.php\/wp-json\/wp\/v2\/posts\/1763","targetHints":{"allow":["GET"]}}],"collection":[{"href":"https:\/\/blogdoedvaldomagalhaes.com.br\/index.php\/wp-json\/wp\/v2\/posts"}],"about":[{"href":"https:\/\/blogdoedvaldomagalhaes.com.br\/index.php\/wp-json\/wp\/v2\/types\/post"}],"author":[{"embeddable":true,"href":"https:\/\/blogdoedvaldomagalhaes.com.br\/index.php\/wp-json\/wp\/v2\/users\/1"}],"replies":[{"embeddable":true,"href":"https:\/\/blogdoedvaldomagalhaes.com.br\/index.php\/wp-json\/wp\/v2\/comments?post=1763"}],"version-history":[{"count":1,"href":"https:\/\/blogdoedvaldomagalhaes.com.br\/index.php\/wp-json\/wp\/v2\/posts\/1763\/revisions"}],"predecessor-version":[{"id":32805,"href":"https:\/\/blogdoedvaldomagalhaes.com.br\/index.php\/wp-json\/wp\/v2\/posts\/1763\/revisions\/32805"}],"wp:attachment":[{"href":"https:\/\/blogdoedvaldomagalhaes.com.br\/index.php\/wp-json\/wp\/v2\/media?parent=1763"}],"wp:term":[{"taxonomy":"category","embeddable":true,"href":"https:\/\/blogdoedvaldomagalhaes.com.br\/index.php\/wp-json\/wp\/v2\/categories?post=1763"},{"taxonomy":"post_tag","embeddable":true,"href":"https:\/\/blogdoedvaldomagalhaes.com.br\/index.php\/wp-json\/wp\/v2\/tags?post=1763"}],"curies":[{"name":"wp","href":"https:\/\/api.w.org\/{rel}","templated":true}]}}