{"id":1762,"date":"2018-07-15T19:41:00","date_gmt":"2018-07-15T22:41:00","guid":{"rendered":"http:\/\/blogdoedvaldomagalhaes.com.br\/index.php\/2018\/07\/15\/onibus-vao-circular-em-horario-especia\/"},"modified":"2019-02-09T02:24:55","modified_gmt":"2019-02-09T04:24:55","slug":"onibus-vao-circular-em-horario-especia","status":"publish","type":"post","link":"https:\/\/blogdoedvaldomagalhaes.com.br\/index.php\/2018\/07\/15\/onibus-vao-circular-em-horario-especia\/","title":{"rendered":"\u00d4nibus v\u00e3o circular em hor\u00e1rio especial em Caruaru nesta segunda (16)"},"content":{"rendered":"<div class=\"separator\" style=\"clear: both; text-align: center;\">\n<a href=\"https:\/\/3.bp.blogspot.com\/-l88IP_OlrxY\/W0ujUcrM4OI\/AAAAAAAA2eY\/XpVFQ5gKsgww-cz4p7ONuw-UrChNdjOUACLcBGAs\/s1600\/onibus.jpg\" imageanchor=\"1\" style=\"margin-left: 1em; margin-right: 1em;\"><img loading=\"lazy\" decoding=\"async\" border=\"0\" data-original-height=\"574\" data-original-width=\"800\" height=\"454\" src=\"http:\/\/blogdoedvaldomagalhaes.com.br\/wp-content\/uploads\/2018\/07\/onibus.jpg\" width=\"640\" \/><\/a><\/div>\n<div class=\"separator\" style=\"clear: both; text-align: center;\">\nFoto ilustrativa<\/div>\n<div style=\"text-align: justify;\">\n<\/div>\n<div style=\"text-align: justify;\">\nNesta segunda-feira (16), Dia do Comerci\u00e1rio, \u00e9 feriado em Caruaru. Devido ao funcionamento da Feira da Sulanca e a abertura dos bancos e alguns estabelecimentos comerciais, os \u00f4nibus funcionar\u00e3o normalmente at\u00e9 \u00e0s 12h, seguindo a programa\u00e7\u00e3o de dias \u00fateis. Ap\u00f3s as 12h, passa a operar com a programa\u00e7\u00e3o do domingo, conforme recomenda\u00e7\u00e3o da Autarquia Municipal de Defesa Social, Tr\u00e2nsito e Transportes (Destra).<\/div>\n<div style=\"text-align: justify;\">\n<\/div>\n<div style=\"text-align: justify;\">\nAlgumas linhas como: Rendeiras\/Shopping, S\u00e3o Jos\u00e9, Luiz Gonzaga, Maur\u00edcio de Nassau, Rendeiras\/Rodovi\u00e1ria e todas as linhas rurais atendidas pela empresa Capital do Agreste, operam em hor\u00e1rio normal. A empresa Coletivos estendeu em 1h o atendimento normal, opera\u00e7\u00e3o de dias \u00fateis, em todas as suas linhas para at\u00e9 \u00e0s 13h.&nbsp;<\/div>\n<div style=\"text-align: justify;\">\n<\/div>\n<div style=\"text-align: justify;\">\nPara sugest\u00f5es ou d\u00favidas, os usu\u00e1rios podem ligar para 0800 087-6680.&nbsp;<\/div>\n<div style=\"text-align: justify;\">\n<\/div>\n","protected":false},"excerpt":{"rendered":"<p>Foto ilustrativa Nesta segunda-feira (16), Dia do Comerci\u00e1rio, \u00e9 feriado em Caruaru. Devido ao funcionamento da Feira da Sulanca e&hellip;<\/p>\n","protected":false},"author":1,"featured_media":0,"comment_status":"open","ping_status":"open","sticky":false,"template":"","format":"standard","meta":{"footnotes":""},"categories":[1],"tags":[2,1783],"class_list":["post-1762","post","type-post","status-publish","format-standard","hentry","category-sem-categoria","tag-blog-do-edvaldo-magalhaes","tag-onibus-vao-circular-em-horario-especial-em-caruaru-nesta-segunda-16"],"_links":{"self":[{"href":"https:\/\/blogdoedvaldomagalhaes.com.br\/index.php\/wp-json\/wp\/v2\/posts\/1762","targetHints":{"allow":["GET"]}}],"collection":[{"href":"https:\/\/blogdoedvaldomagalhaes.com.br\/index.php\/wp-json\/wp\/v2\/posts"}],"about":[{"href":"https:\/\/blogdoedvaldomagalhaes.com.br\/index.php\/wp-json\/wp\/v2\/types\/post"}],"author":[{"embeddable":true,"href":"https:\/\/blogdoedvaldomagalhaes.com.br\/index.php\/wp-json\/wp\/v2\/users\/1"}],"replies":[{"embeddable":true,"href":"https:\/\/blogdoedvaldomagalhaes.com.br\/index.php\/wp-json\/wp\/v2\/comments?post=1762"}],"version-history":[{"count":1,"href":"https:\/\/blogdoedvaldomagalhaes.com.br\/index.php\/wp-json\/wp\/v2\/posts\/1762\/revisions"}],"predecessor-version":[{"id":32807,"href":"https:\/\/blogdoedvaldomagalhaes.com.br\/index.php\/wp-json\/wp\/v2\/posts\/1762\/revisions\/32807"}],"wp:attachment":[{"href":"https:\/\/blogdoedvaldomagalhaes.com.br\/index.php\/wp-json\/wp\/v2\/media?parent=1762"}],"wp:term":[{"taxonomy":"category","embeddable":true,"href":"https:\/\/blogdoedvaldomagalhaes.com.br\/index.php\/wp-json\/wp\/v2\/categories?post=1762"},{"taxonomy":"post_tag","embeddable":true,"href":"https:\/\/blogdoedvaldomagalhaes.com.br\/index.php\/wp-json\/wp\/v2\/tags?post=1762"}],"curies":[{"name":"wp","href":"https:\/\/api.w.org\/{rel}","templated":true}]}}