{"id":1761,"date":"2018-07-15T20:14:00","date_gmt":"2018-07-15T23:14:00","guid":{"rendered":"http:\/\/blogdoedvaldomagalhaes.com.br\/index.php\/2018\/07\/15\/mulher-encontrada-morta-em-gravata-co\/"},"modified":"2019-02-09T02:24:55","modified_gmt":"2019-02-09T04:24:55","slug":"mulher-encontrada-morta-em-gravata-co","status":"publish","type":"post","link":"https:\/\/blogdoedvaldomagalhaes.com.br\/index.php\/2018\/07\/15\/mulher-encontrada-morta-em-gravata-co\/","title":{"rendered":"Mulher encontrada morta em Gravat\u00e1 com requintes de crueldade"},"content":{"rendered":"<div class=\"separator\" style=\"clear: both; text-align: center;\">\n<a href=\"https:\/\/3.bp.blogspot.com\/-EsP9UAN09gQ\/W0upxl_ebwI\/AAAAAAAA2ek\/4kciuZnfKF4x2g9IZcP0HJoEd2Y_Gl05QCLcBGAs\/s1600\/na.jpg\" imageanchor=\"1\" style=\"margin-left: 1em; margin-right: 1em;\"><img loading=\"lazy\" decoding=\"async\" border=\"0\" data-original-height=\"336\" data-original-width=\"702\" height=\"304\" src=\"http:\/\/blogdoedvaldomagalhaes.com.br\/wp-content\/uploads\/2018\/07\/na.jpg\" width=\"640\" \/><\/a><\/div>\n<div class=\"separator\" style=\"clear: both; text-align: center;\">\nFoto: WhatsApp\/Cortesia<\/div>\n<div style=\"background-color: white; margin-bottom: 6px; margin-top: 6px; text-align: justify;\">\n<\/div>\n<div style=\"background-color: white; margin-bottom: 6px; margin-top: 6px; text-align: justify;\">\nO corpo de Josiane Concei\u00e7\u00e3o da Silva, 30 anos, foi encontrado na manh\u00e3 deste domingo (15) dentro do Bosque dos Universit\u00e1rios, localizado pr\u00f3ximo a Ponte Preta, bairro do Prado, em Gravat\u00e1.<\/p>\n<\/div>\n<div style=\"background-color: white; margin-bottom: 6px; margin-top: 6px; text-align: justify;\">\n<div class=\"separator\" style=\"clear: both; text-align: center;\">\n<a href=\"https:\/\/3.bp.blogspot.com\/-0ERXTSoTo_I\/W0ut_MEmGyI\/AAAAAAAA2ew\/0c9D2zat0Zolf8Tn6INk0rn-p6NjWQKEgCLcBGAs\/s1600\/IMG-20180715-WA0148.jpg\" imageanchor=\"1\" style=\"margin-left: 1em; margin-right: 1em;\"><img loading=\"lazy\" decoding=\"async\" border=\"0\" data-original-height=\"660\" data-original-width=\"366\" height=\"640\" src=\"http:\/\/blogdoedvaldomagalhaes.com.br\/wp-content\/uploads\/2018\/07\/IMG-20180715-WA0148.jpg\" width=\"352\" \/><\/a><\/div>\n<div class=\"separator\" style=\"clear: both; text-align: center;\">\nFoto da v\u00edtima<\/div>\n<p><\/div>\n<div style=\"background-color: white; margin-bottom: 6px; margin-top: 6px; text-align: justify;\">\nSegundo as primeiras informa\u00e7\u00f5es, o corpo estava sem roupas e com uma grande pedra sobre a cabe\u00e7a. Josiane \u00e9 natural da cidade de Amaraji, zona da mata, e morava&nbsp;em Gravat\u00e1 com o irm\u00e3o e possivelmente ela foi v\u00edtima de abuso sexual onde somente a per\u00edcia poder a confirmar.<\/p>\n<\/div>\n<div style=\"background-color: white; margin-bottom: 6px; margin-top: 6px; text-align: justify;\">\n<div class=\"separator\" style=\"clear: both; text-align: center;\">\n<a href=\"https:\/\/3.bp.blogspot.com\/-FVEudQMmkJU\/W0uuw1tTA9I\/AAAAAAAA2e4\/x5HOzh9fzqwmFl3VxitGBaEeenInd0ZEgCLcBGAs\/s1600\/IMG-20180715-WA0150.jpg\" imageanchor=\"1\" style=\"margin-left: 1em; margin-right: 1em;\"><img loading=\"lazy\" decoding=\"async\" border=\"0\" data-original-height=\"480\" data-original-width=\"360\" height=\"640\" src=\"http:\/\/blogdoedvaldomagalhaes.com.br\/wp-content\/uploads\/2018\/07\/IMG-20180715-WA0150.jpg\" width=\"480\" \/><\/a><\/div>\n<div class=\"separator\" style=\"clear: both; text-align: center;\">\nJosiane Concei\u00e7\u00e3o da Silva<\/div>\n<p><\/div>\n<div class=\"text_exposed_show\" style=\"background-color: white; display: inline;\">\n<div style=\"margin-bottom: 6px; text-align: justify;\">\nPoliciais militares estiveram no local, isolaram a \u00e1rea e acionaram o Instituto de Criminal\u00edstica. O crime dever\u00e1 ser investigado pela For\u00e7a Tarefa de Homic\u00eddios da 62\u00aa Delegacia4 de Pol\u00edcia Civil local. O corpo foi encaminhado para o IML de Caruaru.<\/div>\n<p><\/p>\n<div style=\"margin-bottom: 6px; text-align: justify;\">\n<\/div>\n<p><\/p>\n<div style=\"margin-bottom: 6px; text-align: justify;\">\nFonte: Cl\u00e1udio Silva\/Caruaru Hoje<\/div>\n<\/div>\n","protected":false},"excerpt":{"rendered":"<p>Foto: WhatsApp\/Cortesia O corpo de Josiane Concei\u00e7\u00e3o da Silva, 30 anos, foi encontrado na manh\u00e3 deste domingo (15) dentro do&hellip;<\/p>\n","protected":false},"author":1,"featured_media":0,"comment_status":"open","ping_status":"open","sticky":false,"template":"","format":"standard","meta":{"footnotes":""},"categories":[1],"tags":[2,1782,13],"class_list":["post-1761","post","type-post","status-publish","format-standard","hentry","category-sem-categoria","tag-blog-do-edvaldo-magalhaes","tag-mulher-encontrada-morta-em-gravata-com-requintes-de-crueldade","tag-policial"],"_links":{"self":[{"href":"https:\/\/blogdoedvaldomagalhaes.com.br\/index.php\/wp-json\/wp\/v2\/posts\/1761","targetHints":{"allow":["GET"]}}],"collection":[{"href":"https:\/\/blogdoedvaldomagalhaes.com.br\/index.php\/wp-json\/wp\/v2\/posts"}],"about":[{"href":"https:\/\/blogdoedvaldomagalhaes.com.br\/index.php\/wp-json\/wp\/v2\/types\/post"}],"author":[{"embeddable":true,"href":"https:\/\/blogdoedvaldomagalhaes.com.br\/index.php\/wp-json\/wp\/v2\/users\/1"}],"replies":[{"embeddable":true,"href":"https:\/\/blogdoedvaldomagalhaes.com.br\/index.php\/wp-json\/wp\/v2\/comments?post=1761"}],"version-history":[{"count":1,"href":"https:\/\/blogdoedvaldomagalhaes.com.br\/index.php\/wp-json\/wp\/v2\/posts\/1761\/revisions"}],"predecessor-version":[{"id":32811,"href":"https:\/\/blogdoedvaldomagalhaes.com.br\/index.php\/wp-json\/wp\/v2\/posts\/1761\/revisions\/32811"}],"wp:attachment":[{"href":"https:\/\/blogdoedvaldomagalhaes.com.br\/index.php\/wp-json\/wp\/v2\/media?parent=1761"}],"wp:term":[{"taxonomy":"category","embeddable":true,"href":"https:\/\/blogdoedvaldomagalhaes.com.br\/index.php\/wp-json\/wp\/v2\/categories?post=1761"},{"taxonomy":"post_tag","embeddable":true,"href":"https:\/\/blogdoedvaldomagalhaes.com.br\/index.php\/wp-json\/wp\/v2\/tags?post=1761"}],"curies":[{"name":"wp","href":"https:\/\/api.w.org\/{rel}","templated":true}]}}