{"id":1759,"date":"2018-07-16T02:53:00","date_gmt":"2018-07-16T05:53:00","guid":{"rendered":"http:\/\/blogdoedvaldomagalhaes.com.br\/index.php\/2018\/07\/16\/dona-de-bar-assassinada-em-sao-joaqui\/"},"modified":"2019-02-09T02:24:56","modified_gmt":"2019-02-09T04:24:56","slug":"dona-de-bar-assassinada-em-sao-joaqui","status":"publish","type":"post","link":"https:\/\/blogdoedvaldomagalhaes.com.br\/index.php\/2018\/07\/16\/dona-de-bar-assassinada-em-sao-joaqui\/","title":{"rendered":"Dona de bar assassinada em S\u00e3o Joaquim do Monte"},"content":{"rendered":"<div class=\"separator\" style=\"clear: both; text-align: center;\">\n<a href=\"https:\/\/2.bp.blogspot.com\/-2DhzKzI8fj4\/W0wIG2u_eHI\/AAAAAAAA2fk\/Tr3V4eASGtM-1LM7Fr_U62rtrDHwgPBeQCLcBGAs\/s1600\/IMG-20180715-WA0280.jpg\" imageanchor=\"1\" style=\"margin-left: 1em; margin-right: 1em;\"><img loading=\"lazy\" decoding=\"async\" border=\"0\" data-original-height=\"584\" data-original-width=\"1040\" height=\"358\" src=\"http:\/\/blogdoedvaldomagalhaes.com.br\/wp-content\/uploads\/2018\/07\/IMG-20180715-WA0280.jpg\" width=\"640\" \/><\/a><\/div>\n<p><\/p>\n<div class=\"separator\" style=\"clear: both; text-align: center;\">\n<a href=\"https:\/\/2.bp.blogspot.com\/-CuokSwSFDw4\/W0wIJpV5l3I\/AAAAAAAA2fo\/YAeZm_RCqpgRG_O9uTDqj_O5luQgI_g0gCLcBGAs\/s1600\/IMG-20180715-WA0279.jpg\" imageanchor=\"1\" style=\"margin-left: 1em; margin-right: 1em;\"><img loading=\"lazy\" decoding=\"async\" border=\"0\" data-original-height=\"584\" data-original-width=\"1040\" height=\"358\" src=\"http:\/\/blogdoedvaldomagalhaes.com.br\/wp-content\/uploads\/2018\/07\/IMG-20180715-WA0279.jpg\" width=\"640\" \/><\/a><\/div>\n<p><\/p>\n<div style=\"text-align: justify;\">\nA propriet\u00e1ria de um bar, Maria Jos\u00e9 Gomes do Vale, de 54 anos de idade, residente no bairro Marial, em S\u00e3o Joaquim do Monte, Agreste de Pernambuco, foi assassinada a tiros na noite deste domingo (15). Segundo informa\u00e7\u00f5es de populares aos policias, ela era gente boa e todos gostavam dela, j\u00e1 um filho dela est\u00e1 preso acusado de homic\u00eddio.&nbsp; De acordo com a pol\u00edcia, a v\u00edtima estava no bar de sua propriedade, quando duas pessoas ainda n\u00e3o identificadas, chegaram em um ve\u00edculo de placas n\u00e3o anotadas e efetuaram os disparos de arma de fogo que mata a v\u00edtima.<\/div>\n<div style=\"text-align: justify;\">\n<\/div>\n<div style=\"text-align: justify;\">\nFotos: Josias Souza\/Sem Meias Palavras.&nbsp;<\/div>\n","protected":false},"excerpt":{"rendered":"<p>A propriet\u00e1ria de um bar, Maria Jos\u00e9 Gomes do Vale, de 54 anos de idade, residente no bairro Marial, em&hellip;<\/p>\n","protected":false},"author":1,"featured_media":0,"comment_status":"open","ping_status":"open","sticky":false,"template":"","format":"standard","meta":{"footnotes":""},"categories":[1],"tags":[2,13],"class_list":["post-1759","post","type-post","status-publish","format-standard","hentry","category-sem-categoria","tag-blog-do-edvaldo-magalhaes","tag-policial"],"_links":{"self":[{"href":"https:\/\/blogdoedvaldomagalhaes.com.br\/index.php\/wp-json\/wp\/v2\/posts\/1759","targetHints":{"allow":["GET"]}}],"collection":[{"href":"https:\/\/blogdoedvaldomagalhaes.com.br\/index.php\/wp-json\/wp\/v2\/posts"}],"about":[{"href":"https:\/\/blogdoedvaldomagalhaes.com.br\/index.php\/wp-json\/wp\/v2\/types\/post"}],"author":[{"embeddable":true,"href":"https:\/\/blogdoedvaldomagalhaes.com.br\/index.php\/wp-json\/wp\/v2\/users\/1"}],"replies":[{"embeddable":true,"href":"https:\/\/blogdoedvaldomagalhaes.com.br\/index.php\/wp-json\/wp\/v2\/comments?post=1759"}],"version-history":[{"count":1,"href":"https:\/\/blogdoedvaldomagalhaes.com.br\/index.php\/wp-json\/wp\/v2\/posts\/1759\/revisions"}],"predecessor-version":[{"id":32816,"href":"https:\/\/blogdoedvaldomagalhaes.com.br\/index.php\/wp-json\/wp\/v2\/posts\/1759\/revisions\/32816"}],"wp:attachment":[{"href":"https:\/\/blogdoedvaldomagalhaes.com.br\/index.php\/wp-json\/wp\/v2\/media?parent=1759"}],"wp:term":[{"taxonomy":"category","embeddable":true,"href":"https:\/\/blogdoedvaldomagalhaes.com.br\/index.php\/wp-json\/wp\/v2\/categories?post=1759"},{"taxonomy":"post_tag","embeddable":true,"href":"https:\/\/blogdoedvaldomagalhaes.com.br\/index.php\/wp-json\/wp\/v2\/tags?post=1759"}],"curies":[{"name":"wp","href":"https:\/\/api.w.org\/{rel}","templated":true}]}}