{"id":1758,"date":"2018-07-16T10:06:00","date_gmt":"2018-07-16T13:06:00","guid":{"rendered":"http:\/\/blogdoedvaldomagalhaes.com.br\/index.php\/2018\/07\/16\/mulher-esfaqueada-em-caruaru-morre-no\/"},"modified":"2019-02-09T02:24:56","modified_gmt":"2019-02-09T04:24:56","slug":"mulher-esfaqueada-em-caruaru-morre-no","status":"publish","type":"post","link":"https:\/\/blogdoedvaldomagalhaes.com.br\/index.php\/2018\/07\/16\/mulher-esfaqueada-em-caruaru-morre-no\/","title":{"rendered":"Mulher esfaqueada em Caruaru morre no HRA e acusado \u00e9 linchado e preso"},"content":{"rendered":"<div class=\"separator\" style=\"clear: both; text-align: center;\">\n<a href=\"https:\/\/4.bp.blogspot.com\/-ESxgQY9PXEA\/W0xuLN5YPFI\/AAAAAAAA2f8\/0ApUlu_bZ-gCrCORcZyk-6ccUipLn2m9ACLcBGAs\/s1600\/homicidio.jpg\" imageanchor=\"1\" style=\"margin-left: 1em; margin-right: 1em;\"><img loading=\"lazy\" decoding=\"async\" border=\"0\" data-original-height=\"316\" data-original-width=\"677\" height=\"294\" src=\"http:\/\/blogdoedvaldomagalhaes.com.br\/wp-content\/uploads\/2018\/07\/homicidio.jpg\" width=\"640\" \/><\/a><\/div>\n<div class=\"separator\" style=\"clear: both; text-align: center;\">\nFoto ilustrativa<\/div>\n<div style=\"background-color: white; box-sizing: border-box; line-height: 24px; margin-bottom: 10px; text-align: justify;\">\n<\/div>\n<div style=\"background-color: white; box-sizing: border-box; line-height: 24px; margin-bottom: 10px; text-align: justify;\">\nPor volta das 15h desse domingo (15) uma mulher foi esfaqueada quando estava no Parque 18 de Maio, socorrida para o Hospital Regional do Agreste (HRA), n\u00e3o resistiu aos ferimentos e morreu por volta das 20h30. A v\u00edtima foi Bruna Larissa da Silva, 23 anos, que morava no bairro Salgado.&nbsp;<\/p>\n<p>Segundo informa\u00e7\u00f5es ela era usu\u00e1ria de drogas e foi atingida com um golpe de faca. Manoel Vicente de Andrade, 45 anos, suspeito do crime estava embriagado foi espancado por populares e em seguida preso em flagrante pela equipe do Choque do 1\u00ba BIEsp.<\/p><\/div>\n<div style=\"background-color: white; box-sizing: border-box; line-height: 24px; margin-bottom: 10px; text-align: justify;\">\nCom esta morte, sobe para 11 o n\u00famero de homic\u00eddios no munic\u00edpio de Caruaru no m\u00eas de julho. Em 2018, j\u00e1 s\u00e3o 102 assassinatos. Cinco mulheres est\u00e3o entre as v\u00edtimas da viol\u00eancia.<\/div>\n","protected":false},"excerpt":{"rendered":"<p>Foto ilustrativa Por volta das 15h desse domingo (15) uma mulher foi esfaqueada quando estava no Parque 18 de Maio,&hellip;<\/p>\n","protected":false},"author":1,"featured_media":0,"comment_status":"open","ping_status":"open","sticky":false,"template":"","format":"standard","meta":{"footnotes":""},"categories":[1],"tags":[2,1780,13],"class_list":["post-1758","post","type-post","status-publish","format-standard","hentry","category-sem-categoria","tag-blog-do-edvaldo-magalhaes","tag-mulher-esfaqueada-em-caruaru-morre-no-hra-e-acusado-e-linchado-e-preso","tag-policial"],"_links":{"self":[{"href":"https:\/\/blogdoedvaldomagalhaes.com.br\/index.php\/wp-json\/wp\/v2\/posts\/1758","targetHints":{"allow":["GET"]}}],"collection":[{"href":"https:\/\/blogdoedvaldomagalhaes.com.br\/index.php\/wp-json\/wp\/v2\/posts"}],"about":[{"href":"https:\/\/blogdoedvaldomagalhaes.com.br\/index.php\/wp-json\/wp\/v2\/types\/post"}],"author":[{"embeddable":true,"href":"https:\/\/blogdoedvaldomagalhaes.com.br\/index.php\/wp-json\/wp\/v2\/users\/1"}],"replies":[{"embeddable":true,"href":"https:\/\/blogdoedvaldomagalhaes.com.br\/index.php\/wp-json\/wp\/v2\/comments?post=1758"}],"version-history":[{"count":1,"href":"https:\/\/blogdoedvaldomagalhaes.com.br\/index.php\/wp-json\/wp\/v2\/posts\/1758\/revisions"}],"predecessor-version":[{"id":32818,"href":"https:\/\/blogdoedvaldomagalhaes.com.br\/index.php\/wp-json\/wp\/v2\/posts\/1758\/revisions\/32818"}],"wp:attachment":[{"href":"https:\/\/blogdoedvaldomagalhaes.com.br\/index.php\/wp-json\/wp\/v2\/media?parent=1758"}],"wp:term":[{"taxonomy":"category","embeddable":true,"href":"https:\/\/blogdoedvaldomagalhaes.com.br\/index.php\/wp-json\/wp\/v2\/categories?post=1758"},{"taxonomy":"post_tag","embeddable":true,"href":"https:\/\/blogdoedvaldomagalhaes.com.br\/index.php\/wp-json\/wp\/v2\/tags?post=1758"}],"curies":[{"name":"wp","href":"https:\/\/api.w.org\/{rel}","templated":true}]}}