{"id":1757,"date":"2018-07-16T11:14:00","date_gmt":"2018-07-16T14:14:00","guid":{"rendered":"http:\/\/blogdoedvaldomagalhaes.com.br\/index.php\/2018\/07\/16\/confira-o-que-abre-e-fecha-em-caruaru\/"},"modified":"2019-02-09T02:24:57","modified_gmt":"2019-02-09T04:24:57","slug":"confira-o-que-abre-e-fecha-em-caruaru","status":"publish","type":"post","link":"https:\/\/blogdoedvaldomagalhaes.com.br\/index.php\/2018\/07\/16\/confira-o-que-abre-e-fecha-em-caruaru\/","title":{"rendered":"Confira o que abre e fecha em Caruaru nesta segunda-feira (16)"},"content":{"rendered":"<div class=\"separator\" style=\"clear: both; text-align: center;\">\n<a href=\"https:\/\/1.bp.blogspot.com\/-jBC7ESZa8AM\/W0x84Mi50yI\/AAAAAAAA2gI\/v0n1p2pjmgYZBwE7EpTFFGOTEiolC3zywCLcBGAs\/s1600\/IMG-20180716-WA0007.jpg\" imageanchor=\"1\" style=\"margin-left: 1em; margin-right: 1em;\"><img loading=\"lazy\" decoding=\"async\" border=\"0\" data-original-height=\"376\" data-original-width=\"391\" height=\"614\" src=\"http:\/\/blogdoedvaldomagalhaes.com.br\/wp-content\/uploads\/2018\/07\/IMG-20180716-WA0007.jpg\" width=\"640\" \/><\/a><\/div>\n<div class=\"separator\" style=\"clear: both; text-align: center;\">\n<\/div>\n<div style=\"text-align: justify;\">\nO Dia do Comerci\u00e1rio em Caruaru foi antecipado para esta segunda-feira (16), com isto, o com\u00e9rcio est\u00e1 fechado, por\u00e9m, \u00e0s lojas no entorno do Parque 18 de Maio estar\u00e3o abertas, aja vista que a Feira da Sulanca est\u00e1 sendo realizada normalmente e houve acordo para o funcionamento.<\/div>\n<div style=\"text-align: justify;\">\n<\/div>\n<div style=\"text-align: justify;\">\nFuncionam normalmente hoje: bancos, lot\u00e9ricas, correios, supermercados, reparti\u00e7\u00f5es p\u00fablicas.&nbsp;<\/div>\n","protected":false},"excerpt":{"rendered":"<p>O Dia do Comerci\u00e1rio em Caruaru foi antecipado para esta segunda-feira (16), com isto, o com\u00e9rcio est\u00e1 fechado, por\u00e9m, \u00e0s&hellip;<\/p>\n","protected":false},"author":1,"featured_media":0,"comment_status":"open","ping_status":"open","sticky":false,"template":"","format":"standard","meta":{"footnotes":""},"categories":[1],"tags":[2,1779,6],"class_list":["post-1757","post","type-post","status-publish","format-standard","hentry","category-sem-categoria","tag-blog-do-edvaldo-magalhaes","tag-confira-o-que-abre-e-fecha-em-caruaru-nesta-segunda-feira-16","tag-noticias"],"_links":{"self":[{"href":"https:\/\/blogdoedvaldomagalhaes.com.br\/index.php\/wp-json\/wp\/v2\/posts\/1757","targetHints":{"allow":["GET"]}}],"collection":[{"href":"https:\/\/blogdoedvaldomagalhaes.com.br\/index.php\/wp-json\/wp\/v2\/posts"}],"about":[{"href":"https:\/\/blogdoedvaldomagalhaes.com.br\/index.php\/wp-json\/wp\/v2\/types\/post"}],"author":[{"embeddable":true,"href":"https:\/\/blogdoedvaldomagalhaes.com.br\/index.php\/wp-json\/wp\/v2\/users\/1"}],"replies":[{"embeddable":true,"href":"https:\/\/blogdoedvaldomagalhaes.com.br\/index.php\/wp-json\/wp\/v2\/comments?post=1757"}],"version-history":[{"count":1,"href":"https:\/\/blogdoedvaldomagalhaes.com.br\/index.php\/wp-json\/wp\/v2\/posts\/1757\/revisions"}],"predecessor-version":[{"id":32820,"href":"https:\/\/blogdoedvaldomagalhaes.com.br\/index.php\/wp-json\/wp\/v2\/posts\/1757\/revisions\/32820"}],"wp:attachment":[{"href":"https:\/\/blogdoedvaldomagalhaes.com.br\/index.php\/wp-json\/wp\/v2\/media?parent=1757"}],"wp:term":[{"taxonomy":"category","embeddable":true,"href":"https:\/\/blogdoedvaldomagalhaes.com.br\/index.php\/wp-json\/wp\/v2\/categories?post=1757"},{"taxonomy":"post_tag","embeddable":true,"href":"https:\/\/blogdoedvaldomagalhaes.com.br\/index.php\/wp-json\/wp\/v2\/tags?post=1757"}],"curies":[{"name":"wp","href":"https:\/\/api.w.org\/{rel}","templated":true}]}}