{"id":1755,"date":"2018-07-16T20:05:00","date_gmt":"2018-07-16T23:05:00","guid":{"rendered":"http:\/\/blogdoedvaldomagalhaes.com.br\/index.php\/2018\/07\/16\/homem-morre-em-queda-de-asa-delta-e\/"},"modified":"2019-02-09T02:24:59","modified_gmt":"2019-02-09T04:24:59","slug":"homem-morre-em-queda-de-asa-delta-e","status":"publish","type":"post","link":"https:\/\/blogdoedvaldomagalhaes.com.br\/index.php\/2018\/07\/16\/homem-morre-em-queda-de-asa-delta-e\/","title":{"rendered":"Homem morre em queda de asa delta em Riacho das Almas"},"content":{"rendered":"<div class=\"separator\" style=\"clear: both; text-align: center;\">\n<\/div>\n<div class=\"separator\" style=\"clear: both; text-align: center;\">\n<a href=\"https:\/\/1.bp.blogspot.com\/-ZUfNd2IEvnA\/W01bJ00kf8I\/AAAAAAAA2jA\/zbAbFp3wJTk_NcKDZ7DPx16_vNkeAB7VwCLcBGAs\/s1600\/outra.jpg\" imageanchor=\"1\" style=\"margin-left: 1em; margin-right: 1em;\"><img loading=\"lazy\" decoding=\"async\" border=\"0\" data-original-height=\"410\" data-original-width=\"748\" height=\"350\" src=\"http:\/\/blogdoedvaldomagalhaes.com.br\/wp-content\/uploads\/2018\/07\/outra.jpg\" width=\"640\" \/><\/a><\/div>\n<div class=\"separator\" style=\"clear: both; text-align: center;\">\n<\/div>\n<div class=\"separator\" style=\"clear: both; text-align: center;\">\n<\/div>\n<div class=\"separator\" style=\"clear: both; text-align: center;\">\n<a href=\"https:\/\/3.bp.blogspot.com\/-JyIEb7voX9Y\/W0077IxbNcI\/AAAAAAAA2hU\/o0UZCfqUwD0PB-EzksEiIkEcAFBS9SkhACLcBGAs\/s1600\/riacho.jpeg\" imageanchor=\"1\" style=\"margin-left: 1em; margin-right: 1em;\"><img loading=\"lazy\" decoding=\"async\" border=\"0\" data-original-height=\"510\" data-original-width=\"600\" height=\"544\" src=\"http:\/\/blogdoedvaldomagalhaes.com.br\/wp-content\/uploads\/2018\/07\/riacho.jpeg\" width=\"640\" \/><\/a><\/div>\n<div class=\"separator\" style=\"clear: both; text-align: center;\">\nFotos: Riacho Bem Informado<\/div>\n<div class=\"separator\" style=\"clear: both; text-align: center;\">\n<a href=\"https:\/\/2.bp.blogspot.com\/-BxYp0Hatb2k\/W005yRRK1cI\/AAAAAAAA2hI\/YqGtXJj7Qt4yH0WaQ-LUq_IWOvaJHuBSACLcBGAs\/s1600\/josias.jpg\" imageanchor=\"1\" style=\"margin-left: 1em; margin-right: 1em;\"><img loading=\"lazy\" decoding=\"async\" border=\"0\" data-original-height=\"281\" data-original-width=\"500\" height=\"354\" src=\"http:\/\/blogdoedvaldomagalhaes.com.br\/wp-content\/uploads\/2018\/07\/josias.jpg\" width=\"640\" \/><\/a><\/div>\n<div class=\"separator\" style=\"clear: both; text-align: center;\">\nFoto: Josias Souza\/Sem Meias Palavras<\/div>\n<div class=\"separator\" style=\"clear: both; text-align: center;\">\n<\/div>\n<div class=\"separator\" style=\"clear: both; text-align: center;\">\n<\/div>\n<div style=\"background-color: white; margin-bottom: 6px; text-align: justify;\">\nUm homem morreu ap\u00f3s a queda de asa delta, no munic\u00edpio de Riacho das Almas, Agreste de Pernambuco, na tarde desta segunda-feira (16). O fato ocorreu no S\u00edtio Pororoca, zona rural de Riacho, ap\u00f3s a granja Alian\u00e7a, a v\u00edtima foi identificada e era perito criminal da Pol\u00edcia Federal, Andr\u00e9 Gustavo de Figueiredo Melo, de 50 anos, residente no Recife, o mesmo caiu da asa delta quando estava sobrevoando a \u00e1rea onde aconteceu o acidente. A per\u00edcia foi realizada no equipamento. A causa do acidente ainda n\u00e3o foi identificada. Moradores da regi\u00e3o disseram que viram o momento da queda.&nbsp;<\/p>\n<p>Em Riacho das Almas, h\u00e1 dois pontos onde a pr\u00e1tica de asa delta \u00e9 frequente. O local onde aconteceu o acidente, come\u00e7ou a ser utilizado recentemente.&nbsp;<\/p>\n<p><\/p>\n<div class=\"separator\" style=\"clear: both; text-align: center;\">\n<a href=\"https:\/\/1.bp.blogspot.com\/-2880s8uymQ8\/W0z8mDZeNeI\/AAAAAAAA2g0\/PXOJipPOmSgZhKRS7uaJ6f0cQRoF8zy0QCLcBGAs\/s1600\/essa.jpg\" imageanchor=\"1\" style=\"margin-left: 1em; margin-right: 1em;\"><img loading=\"lazy\" decoding=\"async\" border=\"0\" data-original-height=\"184\" data-original-width=\"176\" height=\"640\" src=\"http:\/\/blogdoedvaldomagalhaes.com.br\/wp-content\/uploads\/2018\/07\/essa-3.jpg\" width=\"608\" \/><\/a><\/div>\n<p><\/div>\n<div style=\"background-color: white; margin-bottom: 6px; margin-top: 6px; text-align: justify;\">\nO SAMU chegou ao local pra prestar os primeiros socorros, mais a v\u00edtima j\u00e1 se encontrava em \u00f3bito no local. O corpo de Andr\u00e9 Gustavo foi encaminhado para o IML de Caruaru.<br \/>\n\u00c9 com imensa dor e tristeza, que a Pol\u00edcia Federal em Pernambuco, informa que faleceu, nessa segunda-feira (16), o Perito Criminal Federal, *Andr\u00e9 Gustavo de Figueiredo Melo*, 49 anos, natural de Recife, engenheiro mec\u00e2nico. Andr\u00e9 era um Perito altamente experiente e j\u00e1 integrava os quadros do Setor T\u00e9cnico e Cient\u00edfico da Pol\u00edcia Federal h\u00e1 aproximadamente 11 anos! Deixa esposa e dois filhos!&nbsp;<\/p>\n<p><b>Nota da Pol\u00edcia Federal<\/b><\/p>\n<p>O Perito caiu de uma asa-delta quando estava desenvolvendo essa modalidade esportiva que j\u00e1 praticava por muitos anos no interior do estado em locais espec\u00edficos e as causas que levaram ao acidente ainda s\u00e3o desconhecidas! O fat\u00eddico acidente ocorreu no munic\u00edpio de Riacho das Almas, agreste de Pernambuco, nas proximidades no S\u00edtio Pororoca, ap\u00f3s a granja Alian\u00e7a, quando estava sobrevoando a \u00e1rea de asa delta.&nbsp;<\/p>\n<p>O Instituto de Criminal\u00edstica j\u00e1 fez a per\u00edcia do local e o corpo do policial encontra-se neste momento no IML de Caruaru aguardando libera\u00e7\u00e3o para o sepultamento! As investiga\u00e7\u00f5es ficar\u00e3o a cargo da Pol\u00edcia Civil local.<\/p>\n<p>\nOs Policiais Federais prestam sinceras condol\u00eancias pela inestim\u00e1vel perda e se solidarizam com os familiares e amigos neste momento t\u00e3o dif\u00edcil! O Sepultamento est\u00e1 previsto para ocorrer amanh\u00e3 pela parte da tarde em Recife\/PE!<\/div>\n","protected":false},"excerpt":{"rendered":"<p>Fotos: Riacho Bem Informado Foto: Josias Souza\/Sem Meias Palavras Um homem morreu ap\u00f3s a queda de asa delta, no munic\u00edpio&hellip;<\/p>\n","protected":false},"author":1,"featured_media":0,"comment_status":"open","ping_status":"open","sticky":false,"template":"","format":"standard","meta":{"footnotes":""},"categories":[1],"tags":[2,1777,6],"class_list":["post-1755","post","type-post","status-publish","format-standard","hentry","category-sem-categoria","tag-blog-do-edvaldo-magalhaes","tag-homem-morre-em-queda-de-asa-delta-em-riacho-das-almas","tag-noticias"],"_links":{"self":[{"href":"https:\/\/blogdoedvaldomagalhaes.com.br\/index.php\/wp-json\/wp\/v2\/posts\/1755","targetHints":{"allow":["GET"]}}],"collection":[{"href":"https:\/\/blogdoedvaldomagalhaes.com.br\/index.php\/wp-json\/wp\/v2\/posts"}],"about":[{"href":"https:\/\/blogdoedvaldomagalhaes.com.br\/index.php\/wp-json\/wp\/v2\/types\/post"}],"author":[{"embeddable":true,"href":"https:\/\/blogdoedvaldomagalhaes.com.br\/index.php\/wp-json\/wp\/v2\/users\/1"}],"replies":[{"embeddable":true,"href":"https:\/\/blogdoedvaldomagalhaes.com.br\/index.php\/wp-json\/wp\/v2\/comments?post=1755"}],"version-history":[{"count":1,"href":"https:\/\/blogdoedvaldomagalhaes.com.br\/index.php\/wp-json\/wp\/v2\/posts\/1755\/revisions"}],"predecessor-version":[{"id":32827,"href":"https:\/\/blogdoedvaldomagalhaes.com.br\/index.php\/wp-json\/wp\/v2\/posts\/1755\/revisions\/32827"}],"wp:attachment":[{"href":"https:\/\/blogdoedvaldomagalhaes.com.br\/index.php\/wp-json\/wp\/v2\/media?parent=1755"}],"wp:term":[{"taxonomy":"category","embeddable":true,"href":"https:\/\/blogdoedvaldomagalhaes.com.br\/index.php\/wp-json\/wp\/v2\/categories?post=1755"},{"taxonomy":"post_tag","embeddable":true,"href":"https:\/\/blogdoedvaldomagalhaes.com.br\/index.php\/wp-json\/wp\/v2\/tags?post=1755"}],"curies":[{"name":"wp","href":"https:\/\/api.w.org\/{rel}","templated":true}]}}