{"id":1754,"date":"2018-07-17T01:03:00","date_gmt":"2018-07-17T04:03:00","guid":{"rendered":"http:\/\/blogdoedvaldomagalhaes.com.br\/index.php\/2018\/07\/17\/liga-feminina-de-combate-ao-cancer-2\/"},"modified":"2019-02-09T02:25:00","modified_gmt":"2019-02-09T04:25:00","slug":"liga-feminina-de-combate-ao-cancer-2","status":"publish","type":"post","link":"https:\/\/blogdoedvaldomagalhaes.com.br\/index.php\/2018\/07\/17\/liga-feminina-de-combate-ao-cancer-2\/","title":{"rendered":"Liga Feminina de Combate ao C\u00e2ncer recebe o m\u00e1gico Hugo Henrik nesta quarta-feira (18)"},"content":{"rendered":"<div style=\"text-align: justify;\">\n<div class=\"separator\" style=\"clear: both; text-align: center;\">\n<a href=\"https:\/\/1.bp.blogspot.com\/-iPSBA55j-5s\/W01AP0YobqI\/AAAAAAAA2hs\/n1NYAzsKa3IwDk-E5Y_5ermX9GquXxCNQCLcBGAs\/s1600\/37244589_2198226123738987_7127371736630165504_n.jpg\" imageanchor=\"1\" style=\"margin-left: 1em; margin-right: 1em;\"><img loading=\"lazy\" decoding=\"async\" border=\"0\" data-original-height=\"683\" data-original-width=\"683\" height=\"640\" src=\"http:\/\/blogdoedvaldomagalhaes.com.br\/wp-content\/uploads\/2018\/07\/37244589_2198226123738987_7127371736630165504_n.jpg\" width=\"640\" \/><\/a><\/div>\n<p><\/div>\n<div style=\"text-align: justify;\">\nA Liga Feminina de Combate ao C\u00e2ncer recebe na quarta-feira (18), a visita do m\u00e1gico Hugo Henrik que far\u00e1 uma apresenta\u00e7\u00e3o para os pacientes que est\u00e3o em tratamento contra o c\u00e2ncer e s\u00e3o acolhidos pela casa da Liga. A visita faz parte do projeto \u201cQuarta-feira diferente\u201d, onde o objetivo \u00e9 uma vez por semana proporcionar atividades extras para os pacientes, uma maneira de tornar o tratamento mais leve.<\/div>\n<div style=\"text-align: justify;\">\n<\/div>\n<div style=\"text-align: justify;\">\nA Liga foi fundada h\u00e1 mais de 50 anos e conta com doa\u00e7\u00f5es para acolher esses pacientes e acompanhantes, al\u00e9m de custear exames em muitos casos. Atualmente a maioria dos pacientes acolhido \u00e9 homem e que est\u00e3o em tratamento de quimioterapia e radioterapia em hospitais de Caruaru.<\/div>\n<div style=\"text-align: justify;\">\n<\/div>\n<div style=\"text-align: justify;\">\nTodos os pacientes residem em outras cidades e estados diferentes e n\u00e3o tem condi\u00e7\u00f5es de custear um aluguel. Na casa, todos recebem alimenta\u00e7\u00e3o, uma funcion\u00e1ria trabalha no local e fica respons\u00e1vel pelas atividades. A Casa tem tr\u00eas quartos com banheiro, sala, cozinha e varanda.<\/div>\n<div style=\"text-align: justify;\">\n<\/div>\n","protected":false},"excerpt":{"rendered":"<p>A Liga Feminina de Combate ao C\u00e2ncer recebe na quarta-feira (18), a visita do m\u00e1gico Hugo Henrik que far\u00e1 uma&hellip;<\/p>\n","protected":false},"author":1,"featured_media":0,"comment_status":"open","ping_status":"open","sticky":false,"template":"","format":"standard","meta":{"footnotes":""},"categories":[1],"tags":[2,1776,6],"class_list":["post-1754","post","type-post","status-publish","format-standard","hentry","category-sem-categoria","tag-blog-do-edvaldo-magalhaes","tag-liga-feminina-de-combate-ao-cancer-recebe-o-magico-hugo-henrik-nesta-quarta-feira-18","tag-noticias"],"_links":{"self":[{"href":"https:\/\/blogdoedvaldomagalhaes.com.br\/index.php\/wp-json\/wp\/v2\/posts\/1754","targetHints":{"allow":["GET"]}}],"collection":[{"href":"https:\/\/blogdoedvaldomagalhaes.com.br\/index.php\/wp-json\/wp\/v2\/posts"}],"about":[{"href":"https:\/\/blogdoedvaldomagalhaes.com.br\/index.php\/wp-json\/wp\/v2\/types\/post"}],"author":[{"embeddable":true,"href":"https:\/\/blogdoedvaldomagalhaes.com.br\/index.php\/wp-json\/wp\/v2\/users\/1"}],"replies":[{"embeddable":true,"href":"https:\/\/blogdoedvaldomagalhaes.com.br\/index.php\/wp-json\/wp\/v2\/comments?post=1754"}],"version-history":[{"count":1,"href":"https:\/\/blogdoedvaldomagalhaes.com.br\/index.php\/wp-json\/wp\/v2\/posts\/1754\/revisions"}],"predecessor-version":[{"id":32829,"href":"https:\/\/blogdoedvaldomagalhaes.com.br\/index.php\/wp-json\/wp\/v2\/posts\/1754\/revisions\/32829"}],"wp:attachment":[{"href":"https:\/\/blogdoedvaldomagalhaes.com.br\/index.php\/wp-json\/wp\/v2\/media?parent=1754"}],"wp:term":[{"taxonomy":"category","embeddable":true,"href":"https:\/\/blogdoedvaldomagalhaes.com.br\/index.php\/wp-json\/wp\/v2\/categories?post=1754"},{"taxonomy":"post_tag","embeddable":true,"href":"https:\/\/blogdoedvaldomagalhaes.com.br\/index.php\/wp-json\/wp\/v2\/tags?post=1754"}],"curies":[{"name":"wp","href":"https:\/\/api.w.org\/{rel}","templated":true}]}}