{"id":1753,"date":"2018-07-17T02:20:00","date_gmt":"2018-07-17T05:20:00","guid":{"rendered":"http:\/\/blogdoedvaldomagalhaes.com.br\/index.php\/2018\/07\/17\/acidente-na-br-232-deixa-filho-e\/"},"modified":"2019-02-09T02:25:01","modified_gmt":"2019-02-09T04:25:01","slug":"acidente-na-br-232-deixa-filho-e","status":"publish","type":"post","link":"https:\/\/blogdoedvaldomagalhaes.com.br\/index.php\/2018\/07\/17\/acidente-na-br-232-deixa-filho-e\/","title":{"rendered":"Acidente na BR-232 deixa filho do ex-ministro Mendon\u00e7a Filho ferido e duas pessoas mortas"},"content":{"rendered":"<p><\/p>\n<div class=\"separator\" style=\"clear: both; text-align: center;\">\n<\/div>\n<div style=\"text-align: justify;\">\n<div class=\"separator\" style=\"clear: both; text-align: center;\">\n<a href=\"https:\/\/3.bp.blogspot.com\/-YdptEs7gyjo\/W01Wk4iDwnI\/AAAAAAAA2iE\/TmjNuC0d8o8u_wvbi2wJbsUmT2ewcb71gCLcBGAs\/s1600\/IMG-20180716-WA0209.jpg\" imageanchor=\"1\" style=\"margin-left: 1em; margin-right: 1em;\"><img loading=\"lazy\" decoding=\"async\" border=\"0\" data-original-height=\"720\" data-original-width=\"1280\" height=\"360\" src=\"http:\/\/blogdoedvaldomagalhaes.com.br\/wp-content\/uploads\/2018\/07\/IMG-20180716-WA0209.jpg\" width=\"640\" \/><\/a><\/div>\n<div style=\"text-align: center;\">\nFoto: Bezerros 24 Horas<\/div>\n<div style=\"text-align: center;\">\n<\/div>\n<\/div>\n<div style=\"text-align: justify;\">\nNa noite desta segunda-feira (16), um grave acidente deixou pelo menos dois mortos e dois feridos na BR-232 pr\u00f3ximo a Encruzilhada de S\u00e3o Jo\u00e3o em Bezerros\/PE. De acordo com as informa\u00e7\u00f5es, uma Hillux com quatro pessoas seguia sentido Recife\/Belo Jardim quando o motorista&nbsp;perdeu o controle do ve\u00edculo.&nbsp;<\/p>\n<p><\/p>\n<div class=\"separator\" style=\"clear: both; text-align: center;\">\n<a href=\"https:\/\/2.bp.blogspot.com\/-bZseCktpva4\/W01XvkjBQhI\/AAAAAAAA2iY\/AHUvryA4PAUOrW_Dc4JCSpUyJVayjSLDwCLcBGAs\/s1600\/essa.jpg\" imageanchor=\"1\" style=\"margin-left: 1em; margin-right: 1em;\"><img loading=\"lazy\" decoding=\"async\" border=\"0\" data-original-height=\"360\" data-original-width=\"640\" height=\"360\" src=\"http:\/\/blogdoedvaldomagalhaes.com.br\/wp-content\/uploads\/2018\/07\/essa-4.jpg\" width=\"640\" \/><\/a><\/div>\n<div style=\"text-align: center;\">\nFoto: Bezerros 24 Horas<\/div>\n<\/div>\n<div style=\"text-align: center;\">\n<\/div>\n<p><\/p>\n<div style=\"text-align: justify;\">\nSegundo informa\u00e7\u00f5es, um dos filhos do ex-Ministro da Educa\u00e7\u00e3o e deputado federal, Mendon\u00e7a Filho, Vin\u00edcius Vila\u00e7a Bezerra Mendon\u00e7a (pr\u00e9-candidato a deputado federal), de 24 anos, estava no carro e teve ferimentos leves, o assessor de nome Rodrigo Mota tamb\u00e9m ficou ferido. J\u00e1 o motorista Edson de Oliveira Santos e o advogado Rodrigo Albuquerque, de 30 anos, morreram. Os feridos foram socorridos para a Unidade Mista S\u00e3o Jos\u00e9 em Bezerros e transferidos para o Hospital Santa Joana na capital Pernambucana para realizarem exames.<\/p>\n<p><\/p>\n<div class=\"separator\" style=\"clear: both; text-align: center;\">\n<a href=\"https:\/\/1.bp.blogspot.com\/-rm81zyH9Urg\/W01ZQCXBYPI\/AAAAAAAA2is\/hd2Of62DWFw2G3Dd_tst9xKdtvZ1hymEACLcBGAs\/s1600\/sim.jpg\" imageanchor=\"1\" style=\"margin-left: 1em; margin-right: 1em;\"><img loading=\"lazy\" decoding=\"async\" border=\"0\" data-original-height=\"671\" data-original-width=\"671\" height=\"640\" src=\"http:\/\/blogdoedvaldomagalhaes.com.br\/wp-content\/uploads\/2018\/07\/sim.jpg\" width=\"640\" \/><\/a><\/div>\n<div class=\"separator\" style=\"clear: both; text-align: center;\">\nFoto do Facebook de Vin\u00edcius Mendon\u00e7a<\/div>\n<\/div>\n<div style=\"text-align: justify;\">\n<\/div>\n<p><\/p>\n<div style=\"text-align: justify;\">\nEfetivo PM: CB Jackson, SD Paraibano e SD D Filipe | SGT Fabiano, SD M. Ant\u00f4nio.<\/p>\n<p><\/p>\n<div class=\"separator\" style=\"clear: both; text-align: center;\">\n<a href=\"https:\/\/2.bp.blogspot.com\/-ZR1wGqs0MD8\/W01aV8es2hI\/AAAAAAAA2i4\/hrVT-e4kS9UvgBn5_MRzaQfGrpweB2VugCLcBGAs\/s1600\/vinivius%255B.jpg\" imageanchor=\"1\" style=\"margin-left: 1em; margin-right: 1em;\"><img loading=\"lazy\" decoding=\"async\" border=\"0\" data-original-height=\"638\" data-original-width=\"638\" height=\"640\" src=\"http:\/\/blogdoedvaldomagalhaes.com.br\/wp-content\/uploads\/2018\/07\/vinivius5B.jpg\" width=\"640\" \/><\/a><\/div>\n<div style=\"text-align: center;\">\nFoto do perfil de Vin\u00edcius Mendon\u00e7a no Facebook&nbsp;<\/div>\n<p>\nEquipes da Pol\u00edcia Rodovi\u00e1ria Federal (PRF), Samu e Corpo de Bombeiros foram para o local. Os corpos foram encaminhados para o Instituto de Medicina Legal (IML) de Caruaru.<\/p>\n<p><\/p>\n<div class=\"separator\" style=\"clear: both; text-align: center;\">\n<a href=\"https:\/\/3.bp.blogspot.com\/-ZYUP-OHVrVo\/W01fDtL2W9I\/AAAAAAAA2jM\/xeocQWmfYSwGL9xHI04hm4U0ByEhwO_jQCLcBGAs\/s1600\/rodrigop.jpg\" imageanchor=\"1\" style=\"margin-left: 1em; margin-right: 1em;\"><img loading=\"lazy\" decoding=\"async\" border=\"0\" data-original-height=\"722\" data-original-width=\"720\" height=\"640\" src=\"http:\/\/blogdoedvaldomagalhaes.com.br\/wp-content\/uploads\/2018\/07\/rodrigop.jpg\" width=\"634\" \/><\/a><\/div>\n<div class=\"separator\" style=\"clear: both; text-align: center;\">\nFoto do perfil de Rodrigo Albuquerque no Facebook<\/div>\n<div class=\"separator\" style=\"clear: both; text-align: center;\">\n<a href=\"https:\/\/2.bp.blogspot.com\/-mDW6bifTTVE\/W03ds_KsA-I\/AAAAAAAA2j0\/QYpeM0XeKWUB1tCSYiTjNr2t5msbhwR4QCLcBGAs\/s1600\/IMG-20180717-WA0035.jpg\" imageanchor=\"1\" style=\"margin-left: 1em; margin-right: 1em;\"><img loading=\"lazy\" decoding=\"async\" border=\"0\" data-original-height=\"702\" data-original-width=\"719\" height=\"624\" src=\"http:\/\/blogdoedvaldomagalhaes.com.br\/wp-content\/uploads\/2018\/07\/IMG-20180717-WA0035.jpg\" width=\"640\" \/><\/a><\/div>\n<div class=\"separator\" style=\"clear: both; text-align: center;\">\nMotorista Edson de Oliveira Santos&nbsp;<\/div>\n<p><b>Comunicado Oficial da Fam\u00edlia<\/b><\/p>\n<p>Sobre o acidente nesta segunda-feira (16\/07), com o carro do pr\u00e9-candidato a deputado federal, Vin\u00edcius Mendon\u00e7a, informamos:<br \/>\n1-  O acidente ocorreu na altura da Encruzilhada de S\u00e3o Jo\u00e3o, no Agreste.<br \/>\n2-  O ve\u00edculo Toyota Hilux seguia para Belo Jardim com o motorista Edson. &nbsp;Vin\u00edcius Mendon\u00e7a, o assessor Rodrigo Mota e o advogado Rodrigo Albuquerque. No acidente, faleceram no local o motorista Edson e o amigo e advogado Rodrigo Albuquerque. Os corpos foram removidos pro IML de Caruaru.<br \/>\n3-  Vin\u00edcius Mendon\u00e7a e Rodrigo Mota ficaram feridos, tiveram primeiros atendimentos em Bezerros e foram removidos para um hospital no Recife.<\/p>\n<div class=\"MsoNormal\" style=\"background-color: white; line-height: 16.8667px; margin: 0cm 0cm 10pt;\">\n<b>Nota de Pesar<\/b><\/div>\n<div class=\"MsoNormal\" style=\"background-color: white; line-height: 16.8667px; margin: 0cm 0cm 10pt;\">\nO Democratas, o deputado federal Mendon\u00e7a Filho e Vin\u00edcius Mendon\u00e7a manifestam profundo pesar pelo falecimento do Motorista Edson de Oliveira Santos e do advogado Rodrigo Albuquerque em decorr\u00eancia do acidente de autom\u00f3vel ocorrido na noite desta segunda-feira (16\/07),&nbsp;&nbsp;na BR-232, no munic\u00edpio de Bezerros.&nbsp;&nbsp;\u00c0s fam\u00edlias e aos amigos, nossa integral solidariedade neste momento de profunda dor pela perda irrepar\u00e1vel de entes queridos.<\/div>\n<div class=\"MsoNormal\" style=\"background-color: white; line-height: 16.8667px; margin: 0cm 0cm 10pt;\">\n<b>Acidente &#8211;<\/b>&nbsp;O acidente que vitimou o advogado Rodrigo Albuquerque e o motorista Edson de Oliveira Santos ocorreu por volta das 21h, desta segunda-feira, na BR-232, no munic\u00edpio de Bezerros, agreste do Estado.<\/div>\n<div class=\"MsoNormal\" style=\"background-color: white; line-height: 16.8667px; margin: 0cm 0cm 10pt;\">\nSegundo relatos, o ve\u00edculo, em que tamb\u00e9m se encontravam Vin\u00edcius Mendon\u00e7a e o estudante Rodrigo Mota, trafegava em velocidade compat\u00edvel com o local, quando o motorista perdeu o controle do autom\u00f3vel ao realizar uma curva pr\u00f3xima \u00e0 Encruzilhada de S\u00e3o Jo\u00e3o, no sentido Recife-Bezerros, capotando e caindo na margem direita da rodovia.<\/div>\n<p><\/p>\n<div class=\"MsoNormal\" style=\"background-color: white; line-height: 16.8667px; margin: 0cm 0cm 10pt;\">\nEm decorr\u00eancia do acidente, Vin\u00edcius Mendon\u00e7a teve rompimento nos ligamentos no ombro direito e Rodrigo Mota teve escoria\u00e7\u00f5es no corpo. Ambos foram atendidos pelo SAMU no local, tendo sido levados inicialmente para o Hospital de Bezerros, sendo posteriormente transferidos para o Recife, onde se encontram internados.<\/div>\n<\/div>\n","protected":false},"excerpt":{"rendered":"<p>Foto: Bezerros 24 Horas Na noite desta segunda-feira (16), um grave acidente deixou pelo menos dois mortos e dois feridos&hellip;<\/p>\n","protected":false},"author":1,"featured_media":0,"comment_status":"open","ping_status":"open","sticky":false,"template":"","format":"standard","meta":{"footnotes":""},"categories":[1],"tags":[1775,2,6],"class_list":["post-1753","post","type-post","status-publish","format-standard","hentry","category-sem-categoria","tag-acidente-na-br-232-deixa-filho-do-ex-ministro-mendonca-filho-ferido-e-duas-pessoas-mortas","tag-blog-do-edvaldo-magalhaes","tag-noticias"],"_links":{"self":[{"href":"https:\/\/blogdoedvaldomagalhaes.com.br\/index.php\/wp-json\/wp\/v2\/posts\/1753","targetHints":{"allow":["GET"]}}],"collection":[{"href":"https:\/\/blogdoedvaldomagalhaes.com.br\/index.php\/wp-json\/wp\/v2\/posts"}],"about":[{"href":"https:\/\/blogdoedvaldomagalhaes.com.br\/index.php\/wp-json\/wp\/v2\/types\/post"}],"author":[{"embeddable":true,"href":"https:\/\/blogdoedvaldomagalhaes.com.br\/index.php\/wp-json\/wp\/v2\/users\/1"}],"replies":[{"embeddable":true,"href":"https:\/\/blogdoedvaldomagalhaes.com.br\/index.php\/wp-json\/wp\/v2\/comments?post=1753"}],"version-history":[{"count":1,"href":"https:\/\/blogdoedvaldomagalhaes.com.br\/index.php\/wp-json\/wp\/v2\/posts\/1753\/revisions"}],"predecessor-version":[{"id":32836,"href":"https:\/\/blogdoedvaldomagalhaes.com.br\/index.php\/wp-json\/wp\/v2\/posts\/1753\/revisions\/32836"}],"wp:attachment":[{"href":"https:\/\/blogdoedvaldomagalhaes.com.br\/index.php\/wp-json\/wp\/v2\/media?parent=1753"}],"wp:term":[{"taxonomy":"category","embeddable":true,"href":"https:\/\/blogdoedvaldomagalhaes.com.br\/index.php\/wp-json\/wp\/v2\/categories?post=1753"},{"taxonomy":"post_tag","embeddable":true,"href":"https:\/\/blogdoedvaldomagalhaes.com.br\/index.php\/wp-json\/wp\/v2\/tags?post=1753"}],"curies":[{"name":"wp","href":"https:\/\/api.w.org\/{rel}","templated":true}]}}