{"id":1749,"date":"2018-07-17T20:25:00","date_gmt":"2018-07-17T23:25:00","guid":{"rendered":"http:\/\/blogdoedvaldomagalhaes.com.br\/index.php\/2018\/07\/17\/troca-de-tiros-em-tentativa-de-assalto\/"},"modified":"2019-02-09T02:25:07","modified_gmt":"2019-02-09T04:25:07","slug":"troca-de-tiros-em-tentativa-de-assalto","status":"publish","type":"post","link":"https:\/\/blogdoedvaldomagalhaes.com.br\/index.php\/2018\/07\/17\/troca-de-tiros-em-tentativa-de-assalto\/","title":{"rendered":"Troca de tiros em tentativa de assalto a carro forte em Caruaru"},"content":{"rendered":"<div class=\"separator\" style=\"clear: both; text-align: center;\">\n<a href=\"https:\/\/3.bp.blogspot.com\/-VpFHe2CE-us\/W05QTIyjB_I\/AAAAAAAA2ls\/c5X7Jororrc-dskzWFSjdwqgw0j_lE8WQCLcBGAs\/s1600\/IMG-20180717-WA0128.jpg\" imageanchor=\"1\" style=\"margin-left: 1em; margin-right: 1em;\"><img loading=\"lazy\" decoding=\"async\" border=\"0\" data-original-height=\"1280\" data-original-width=\"720\" height=\"640\" src=\"http:\/\/blogdoedvaldomagalhaes.com.br\/wp-content\/uploads\/2018\/07\/IMG-20180717-WA0128.jpg\" width=\"360\" \/><\/a><\/div>\n<p><\/p>\n<div class=\"separator\" style=\"clear: both; text-align: center;\">\n<a href=\"https:\/\/1.bp.blogspot.com\/-Ts2yDVznvdY\/W05QWrnzv5I\/AAAAAAAA2lw\/x66_NvsbjDYyedYcCyqhvCpOkPu9W3gyQCLcBGAs\/s1600\/IMG-20180717-WA0132.jpg\" imageanchor=\"1\" style=\"margin-left: 1em; margin-right: 1em;\"><img loading=\"lazy\" decoding=\"async\" border=\"0\" data-original-height=\"1280\" data-original-width=\"720\" height=\"640\" src=\"http:\/\/blogdoedvaldomagalhaes.com.br\/wp-content\/uploads\/2018\/07\/IMG-20180717-WA0132.jpg\" width=\"360\" \/><\/a><\/div>\n<div class=\"separator\" style=\"clear: both; text-align: center;\">\nFotos acima: Ros\u00e2ngela Ara\u00fajo\/Cortesia<\/div>\n<p><\/p>\n<div class=\"separator\" style=\"clear: both; text-align: center;\">\n<a href=\"https:\/\/1.bp.blogspot.com\/-z8m02syEUYQ\/W05QZgV4RYI\/AAAAAAAA2l0\/v2GeooGLN9I4KYmdjhFWSSU5aXo5Yq6nwCLcBGAs\/s1600\/IMG-20180717-WA0130.jpg\" imageanchor=\"1\" style=\"margin-left: 1em; margin-right: 1em;\"><img loading=\"lazy\" decoding=\"async\" border=\"0\" data-original-height=\"960\" data-original-width=\"1280\" height=\"480\" src=\"http:\/\/blogdoedvaldomagalhaes.com.br\/wp-content\/uploads\/2018\/07\/IMG-20180717-WA0130.jpg\" width=\"640\" \/><\/a><\/div>\n<p><\/p>\n<div class=\"separator\" style=\"clear: both; text-align: center;\">\n<a href=\"https:\/\/3.bp.blogspot.com\/-2ZvoeLNy0Sk\/W05QcWwhArI\/AAAAAAAA2l4\/rqVQw12bx7w4Mgrq9MU-vYYjk4vDdoWTgCLcBGAs\/s1600\/IMG-20180717-WA0129.jpg\" imageanchor=\"1\" style=\"margin-left: 1em; margin-right: 1em;\"><img loading=\"lazy\" decoding=\"async\" border=\"0\" data-original-height=\"960\" data-original-width=\"1280\" height=\"480\" src=\"http:\/\/blogdoedvaldomagalhaes.com.br\/wp-content\/uploads\/2018\/07\/IMG-20180717-WA0129.jpg\" width=\"640\" \/><\/a><\/div>\n<div style=\"text-align: center;\">\nAs duas fotos acima: Carlos Recupero\/Cortesia<\/div>\n<div class=\"separator\" style=\"clear: both; text-align: center;\">\n<a href=\"https:\/\/4.bp.blogspot.com\/-Zbzdy3T1rEk\/W05QejFX7cI\/AAAAAAAA2l8\/JAFH3t_dne8r2Fn8_y0fgB8LC1deIn8ngCLcBGAs\/s1600\/IMG-20180717-WA0131.jpg\" imageanchor=\"1\" style=\"margin-left: 1em; margin-right: 1em;\"><img loading=\"lazy\" decoding=\"async\" border=\"0\" data-original-height=\"1032\" data-original-width=\"581\" height=\"640\" src=\"http:\/\/blogdoedvaldomagalhaes.com.br\/wp-content\/uploads\/2018\/07\/IMG-20180717-WA0131.jpg\" width=\"360\" \/><\/a><\/div>\n<div class=\"separator\" style=\"clear: both; text-align: center;\">\n<a href=\"https:\/\/4.bp.blogspot.com\/-M43tOY-2XMw\/W05Wwfskr-I\/AAAAAAAA2mU\/7JrxEh4cMe8Rn3EiLiydxqJADZ2uYVqBwCLcBGAs\/s1600\/IMG-20180717-WA0158.jpg\" imageanchor=\"1\" style=\"margin-left: 1em; margin-right: 1em;\"><img loading=\"lazy\" decoding=\"async\" border=\"0\" data-original-height=\"1032\" data-original-width=\"581\" height=\"640\" src=\"http:\/\/blogdoedvaldomagalhaes.com.br\/wp-content\/uploads\/2018\/07\/IMG-20180717-WA0158.jpg\" width=\"360\" \/><\/a><\/div>\n<div class=\"separator\" style=\"clear: both; text-align: center;\">\n<\/div>\n<div class=\"separator\" style=\"clear: both; text-align: center;\">\n<a href=\"https:\/\/4.bp.blogspot.com\/-vqzCPFV360g\/W05dUK_N1yI\/AAAAAAAA2mg\/6jqwPjaLrbspoT_evVSirpNaRIc5LZXkgCLcBGAs\/s1600\/1.jpg\" imageanchor=\"1\" style=\"margin-left: 1em; margin-right: 1em;\"><img loading=\"lazy\" decoding=\"async\" border=\"0\" data-original-height=\"960\" data-original-width=\"540\" height=\"640\" src=\"http:\/\/blogdoedvaldomagalhaes.com.br\/wp-content\/uploads\/2018\/07\/1-8.jpg\" width=\"360\" \/><\/a><\/div>\n<div class=\"separator\" style=\"clear: both; text-align: center;\">\nFotos acima: WhatsApp\/Cortesia<\/div>\n<p><\/p>\n<div style=\"text-align: justify;\">\nUma tentativa de assalto a um carro forte da Preserve Seguran\u00e7a de Valores, aconteceu por tr\u00e1s do Shopping Difusora, no bairro Maur\u00edcio de Nassau, em Caruaru, na tarde desta ter\u00e7a-feira (17), resultando em troca de tiros e suspeito ferido.&nbsp;<\/p>\n<p>Foi atingido por disparos de arma de fogo na cabe\u00e7a Jos\u00e9 Augusto de Paiva (conhecido por Augusto), solteiro, tem 7 filhos, a profiss\u00e3o \u00e9 agricultor, nasceu em 17 de junho de 1978 em Maraial, estando com 41 anos de idade, mora na rua Te\u00f3filo Alves Quinzin 245, em Agrestina. Ele foi socorrido pelo Samu para o Hospital Regional do Agreste (HRA).&nbsp;<\/p>\n<p><\/p>\n<div class=\"separator\" style=\"clear: both; text-align: center;\">\n<a href=\"https:\/\/3.bp.blogspot.com\/-Vo8VHXWtb_c\/W05pA-ILKrI\/AAAAAAAA2m4\/ek38NxZgcas0abv9sBpfJAUNl8Pec3IYgCLcBGAs\/s1600\/ficha.jpg\" imageanchor=\"1\" style=\"margin-left: 1em; margin-right: 1em;\"><img loading=\"lazy\" decoding=\"async\" border=\"0\" data-original-height=\"396\" data-original-width=\"279\" height=\"640\" src=\"http:\/\/blogdoedvaldomagalhaes.com.br\/wp-content\/uploads\/2018\/07\/ficha.jpg\" width=\"450\" \/><\/a><\/div>\n<p><\/p>\n<div style=\"background-color: white; box-sizing: border-box; line-height: 24px; margin-bottom: 10px;\">\nO carro-forte estaria posicionado no local para recolher dinheiro de uma casa lot\u00e9rica. Na fuga, outros bandidos levaram um ve\u00edculo Chevrolet S10. Um deles estaria ferido na perna.<\/div>\n<div style=\"background-color: white; box-sizing: border-box; line-height: 24px; margin-bottom: 10px;\">\n<\/div>\n<div class=\"sharedaddy sd-sharing-enabled\" style=\"background-color: white; box-sizing: border-box; clear: both; text-align: start;\">\n<\/div>\n<p>Veja o v\u00eddeo abaixo:&nbsp;<\/p>\n<p><\/p>\n<div class=\"separator\" style=\"clear: both; text-align: center;\">\n<\/div>\n<p>\nEstamos atualizando as informa\u00e7\u00f5es<\/div>\n","protected":false},"excerpt":{"rendered":"<p>Fotos acima: Ros\u00e2ngela Ara\u00fajo\/Cortesia As duas fotos acima: Carlos Recupero\/Cortesia Fotos acima: WhatsApp\/Cortesia Uma tentativa de assalto a um carro&hellip;<\/p>\n","protected":false},"author":1,"featured_media":0,"comment_status":"open","ping_status":"open","sticky":false,"template":"","format":"standard","meta":{"footnotes":""},"categories":[1],"tags":[2,13,1771],"class_list":["post-1749","post","type-post","status-publish","format-standard","hentry","category-sem-categoria","tag-blog-do-edvaldo-magalhaes","tag-policial","tag-troca-de-tiros-em-tentativa-de-assalto-a-carro-forte-em-caruaru"],"_links":{"self":[{"href":"https:\/\/blogdoedvaldomagalhaes.com.br\/index.php\/wp-json\/wp\/v2\/posts\/1749","targetHints":{"allow":["GET"]}}],"collection":[{"href":"https:\/\/blogdoedvaldomagalhaes.com.br\/index.php\/wp-json\/wp\/v2\/posts"}],"about":[{"href":"https:\/\/blogdoedvaldomagalhaes.com.br\/index.php\/wp-json\/wp\/v2\/types\/post"}],"author":[{"embeddable":true,"href":"https:\/\/blogdoedvaldomagalhaes.com.br\/index.php\/wp-json\/wp\/v2\/users\/1"}],"replies":[{"embeddable":true,"href":"https:\/\/blogdoedvaldomagalhaes.com.br\/index.php\/wp-json\/wp\/v2\/comments?post=1749"}],"version-history":[{"count":1,"href":"https:\/\/blogdoedvaldomagalhaes.com.br\/index.php\/wp-json\/wp\/v2\/posts\/1749\/revisions"}],"predecessor-version":[{"id":32853,"href":"https:\/\/blogdoedvaldomagalhaes.com.br\/index.php\/wp-json\/wp\/v2\/posts\/1749\/revisions\/32853"}],"wp:attachment":[{"href":"https:\/\/blogdoedvaldomagalhaes.com.br\/index.php\/wp-json\/wp\/v2\/media?parent=1749"}],"wp:term":[{"taxonomy":"category","embeddable":true,"href":"https:\/\/blogdoedvaldomagalhaes.com.br\/index.php\/wp-json\/wp\/v2\/categories?post=1749"},{"taxonomy":"post_tag","embeddable":true,"href":"https:\/\/blogdoedvaldomagalhaes.com.br\/index.php\/wp-json\/wp\/v2\/tags?post=1749"}],"curies":[{"name":"wp","href":"https:\/\/api.w.org\/{rel}","templated":true}]}}