{"id":1748,"date":"2018-07-17T23:55:00","date_gmt":"2018-07-18T02:55:00","guid":{"rendered":"http:\/\/blogdoedvaldomagalhaes.com.br\/index.php\/2018\/07\/17\/compesa-inicia-testes-e-agua-comeca\/"},"modified":"2019-02-09T02:25:12","modified_gmt":"2019-02-09T04:25:12","slug":"compesa-inicia-testes-e-agua-comeca","status":"publish","type":"post","link":"https:\/\/blogdoedvaldomagalhaes.com.br\/index.php\/2018\/07\/17\/compesa-inicia-testes-e-agua-comeca\/","title":{"rendered":"Compesa inicia testes e \u00e1gua come\u00e7a a chegar em Gon\u00e7alves Ferreira"},"content":{"rendered":"<div class=\"separator\" style=\"clear: both; text-align: center;\">\n<a href=\"https:\/\/4.bp.blogspot.com\/-X9LofChDfwo\/W06Bs0AE-JI\/AAAAAAAA2ns\/diIV4DEcVt8lBxu54QCy1-5jkD6JP8JWgCLcBGAs\/s1600\/%25C3%25A1gua.jpg\" imageanchor=\"1\" style=\"margin-left: 1em; margin-right: 1em;\"><img loading=\"lazy\" decoding=\"async\" border=\"0\" data-original-height=\"1040\" data-original-width=\"585\" height=\"640\" src=\"http:\/\/blogdoedvaldomagalhaes.com.br\/wp-content\/uploads\/2018\/07\/C3A1gua.jpg\" width=\"360\" \/><\/a><\/div>\n<div style=\"background-color: white; border: 0px; margin-bottom: 1.5em; outline: 0px; padding: 0px; text-align: justify; vertical-align: baseline;\">\n<\/div>\n<div style=\"background-color: white; border: 0px; margin-bottom: 1.5em; outline: 0px; padding: 0px; text-align: justify; vertical-align: baseline;\">\nA \u00e1gua j\u00e1 est\u00e1 chegando em Jacar\u00e9 de Gon\u00e7alves Ferreira e, agora, j\u00e1 est\u00e1 chegando na parte baixa do Distrito. Em pouco dias, a \u00e1gua vai abastecer toda a vila, segundo a Compesa.<\/div>\n<div class=\"separator\" style=\"clear: both; text-align: center;\">\n<a href=\"https:\/\/3.bp.blogspot.com\/-UbusXKNu5pw\/W06DBkXLQzI\/AAAAAAAA2n4\/YK9HNB9mioIhynftobwckCTceTARMuH5wCLcBGAs\/s1600\/1.jpg\" imageanchor=\"1\" style=\"margin-left: 1em; margin-right: 1em;\"><img loading=\"lazy\" decoding=\"async\" border=\"0\" data-original-height=\"480\" data-original-width=\"480\" height=\"640\" src=\"http:\/\/blogdoedvaldomagalhaes.com.br\/wp-content\/uploads\/2018\/07\/1-9.jpg\" width=\"640\" \/><\/a><\/div>\n<p><\/p>\n<div style=\"-webkit-text-stroke-width: 0px; background-color: white; border: 0px; font-style: normal; font-variant-caps: normal; font-variant-ligatures: normal; font-weight: 400; letter-spacing: normal; margin: 0px 0px 1.5em; orphans: 2; outline: 0px; padding: 0px; text-align: justify; text-decoration-color: initial; text-decoration-style: initial; text-indent: 0px; text-transform: none; vertical-align: baseline; white-space: normal; widows: 2; word-spacing: 0px;\">\nO deputado Tony Gel comemorou a a\u00e7\u00e3o. \u201cA garantia da \u00e1gua nas torneiras foi de M\u00e1rio Heitor, Gerente Regional da Compesa. A volta do abastecimento de \u00e1gua atrav\u00e9s da rede da Compesa, nas duas comunidades, \u00e9 uma a\u00e7\u00e3o parlamentar do nosso mandato junto ao Governo do Estado\u201d, disse Tony.<\/p>\n<p><\/p>\n<div class=\"separator\" style=\"clear: both; text-align: center;\">\n<a href=\"https:\/\/2.bp.blogspot.com\/--zeKt10XKGc\/W06DHVS5tCI\/AAAAAAAA2n8\/nidz87W7938SYjNrv1KlNMgLl7rYbimWgCLcBGAs\/s1600\/2.jpg\" imageanchor=\"1\" style=\"margin-left: 1em; margin-right: 1em;\"><img loading=\"lazy\" decoding=\"async\" border=\"0\" data-original-height=\"960\" data-original-width=\"540\" height=\"640\" src=\"http:\/\/blogdoedvaldomagalhaes.com.br\/wp-content\/uploads\/2018\/07\/2-4.jpg\" width=\"360\" \/><\/a><\/div>\n<p><\/div>\n","protected":false},"excerpt":{"rendered":"<p>A \u00e1gua j\u00e1 est\u00e1 chegando em Jacar\u00e9 de Gon\u00e7alves Ferreira e, agora, j\u00e1 est\u00e1 chegando na parte baixa do Distrito.&hellip;<\/p>\n","protected":false},"author":1,"featured_media":0,"comment_status":"open","ping_status":"open","sticky":false,"template":"","format":"standard","meta":{"footnotes":""},"categories":[1],"tags":[2,1770,6],"class_list":["post-1748","post","type-post","status-publish","format-standard","hentry","category-sem-categoria","tag-blog-do-edvaldo-magalhaes","tag-compesa-inicia-testes-e-agua-comeca-a-chegar-em-goncalves-ferreira","tag-noticias"],"_links":{"self":[{"href":"https:\/\/blogdoedvaldomagalhaes.com.br\/index.php\/wp-json\/wp\/v2\/posts\/1748","targetHints":{"allow":["GET"]}}],"collection":[{"href":"https:\/\/blogdoedvaldomagalhaes.com.br\/index.php\/wp-json\/wp\/v2\/posts"}],"about":[{"href":"https:\/\/blogdoedvaldomagalhaes.com.br\/index.php\/wp-json\/wp\/v2\/types\/post"}],"author":[{"embeddable":true,"href":"https:\/\/blogdoedvaldomagalhaes.com.br\/index.php\/wp-json\/wp\/v2\/users\/1"}],"replies":[{"embeddable":true,"href":"https:\/\/blogdoedvaldomagalhaes.com.br\/index.php\/wp-json\/wp\/v2\/comments?post=1748"}],"version-history":[{"count":1,"href":"https:\/\/blogdoedvaldomagalhaes.com.br\/index.php\/wp-json\/wp\/v2\/posts\/1748\/revisions"}],"predecessor-version":[{"id":32857,"href":"https:\/\/blogdoedvaldomagalhaes.com.br\/index.php\/wp-json\/wp\/v2\/posts\/1748\/revisions\/32857"}],"wp:attachment":[{"href":"https:\/\/blogdoedvaldomagalhaes.com.br\/index.php\/wp-json\/wp\/v2\/media?parent=1748"}],"wp:term":[{"taxonomy":"category","embeddable":true,"href":"https:\/\/blogdoedvaldomagalhaes.com.br\/index.php\/wp-json\/wp\/v2\/categories?post=1748"},{"taxonomy":"post_tag","embeddable":true,"href":"https:\/\/blogdoedvaldomagalhaes.com.br\/index.php\/wp-json\/wp\/v2\/tags?post=1748"}],"curies":[{"name":"wp","href":"https:\/\/api.w.org\/{rel}","templated":true}]}}