{"id":1747,"date":"2018-07-18T00:52:00","date_gmt":"2018-07-18T03:52:00","guid":{"rendered":"http:\/\/blogdoedvaldomagalhaes.com.br\/index.php\/2018\/07\/18\/morre-no-hra-suspeito-de-tentar\/"},"modified":"2019-02-09T02:25:14","modified_gmt":"2019-02-09T04:25:14","slug":"morre-no-hra-suspeito-de-tentar","status":"publish","type":"post","link":"https:\/\/blogdoedvaldomagalhaes.com.br\/index.php\/2018\/07\/18\/morre-no-hra-suspeito-de-tentar\/","title":{"rendered":"Morre no HRA suspeito de tentar assaltar carro forte em Caruaru"},"content":{"rendered":"<div class=\"separator\" style=\"clear: both; text-align: center;\">\n<a href=\"https:\/\/2.bp.blogspot.com\/-bPHicyzm2vA\/W06OzpNcPzI\/AAAAAAAA2oM\/sD_WwBqTN8cRL4G_fM3yRTjsEojXBGVBwCLcBGAs\/s1600\/hra.jpg\" imageanchor=\"1\" style=\"margin-left: 1em; margin-right: 1em;\"><img loading=\"lazy\" decoding=\"async\" border=\"0\" data-original-height=\"1032\" data-original-width=\"581\" height=\"640\" src=\"http:\/\/blogdoedvaldomagalhaes.com.br\/wp-content\/uploads\/2018\/07\/hra-2.jpg\" width=\"360\" \/><\/a><\/div>\n<div class=\"separator\" style=\"clear: both; text-align: center;\">\nFoto: WhatsApp\/Cortesia<\/div>\n<div style=\"background-color: white; box-sizing: border-box; line-height: 24px; margin-bottom: 10px; text-align: justify;\">\n<\/div>\n<div style=\"background-color: white; box-sizing: border-box; line-height: 24px; margin-bottom: 10px; text-align: justify;\">\nMorreu no Hospital Regional do Agreste (HRA) um dos suspeitos que tentaram assaltar um&nbsp;<a href=\"http:\/\/liberdade.com.br\/bandidos-tentam-assaltar-carro-forte-e-um-e-baleado-em-caruaru\/\" style=\"background-color: transparent; box-sizing: border-box; text-decoration-line: none; transition: 0.3s;\">carro-forte, na tarde desta ter\u00e7a-feira (17)<\/a>, na Avenida Pedro Jord\u00e3o, no bairro Maur\u00edcio de Nassau, em Caruaru, por tr\u00e1s de um shopping da cidade.<\/div>\n<div style=\"background-color: white; box-sizing: border-box; line-height: 24px; margin-bottom: 10px; text-align: justify;\">\nNa troca de tiros com os seguran\u00e7as, Jos\u00e9 Augusto de Paiva, 40 anos, foi atingido com um tiro na cabe\u00e7a e socorrido pelo Samu para o HRA, mas n\u00e3o resistiu e faleceu. Ele era natural de Maraial, e residia em Agrestina e j\u00e1 tinha passagem pela pol\u00edcia.<\/div>\n<div style=\"background-color: white; box-sizing: border-box; line-height: 24px; margin-bottom: 10px; text-align: justify;\">\nO carro-forte estaria posicionado no local para recolher dinheiro de uma casa lot\u00e9rica. Na fuga, outros bandidos levaram uma S-10. Um deles estaria ferido na perna.<\/div>\n<p><\/p>\n<div style=\"-webkit-text-stroke-width: 0px; background-color: white; box-sizing: border-box; font-style: normal; font-variant-caps: normal; font-variant-ligatures: normal; font-weight: 400; letter-spacing: normal; line-height: 24px; margin: 0px 0px 10px; orphans: 2; text-align: justify; text-decoration-color: initial; text-decoration-style: initial; text-indent: 0px; text-transform: none; white-space: normal; widows: 2; word-spacing: 0px;\">\nCom a morte do assaltante, sobe para 12 o n\u00famero de pessoas assassinadas no m\u00eas de julho em Caruaru e para 103 neste ano de 2018.<\/p>\n<p>Informa\u00e7\u00f5es da R\u00e1dio Liberdade.<\/p><\/div>\n","protected":false},"excerpt":{"rendered":"<p>Foto: WhatsApp\/Cortesia Morreu no Hospital Regional do Agreste (HRA) um dos suspeitos que tentaram assaltar um&nbsp;carro-forte, na tarde desta ter\u00e7a-feira&hellip;<\/p>\n","protected":false},"author":1,"featured_media":0,"comment_status":"open","ping_status":"open","sticky":false,"template":"","format":"standard","meta":{"footnotes":""},"categories":[1],"tags":[2,1769,13],"class_list":["post-1747","post","type-post","status-publish","format-standard","hentry","category-sem-categoria","tag-blog-do-edvaldo-magalhaes","tag-morre-no-hra-suspeito-de-tentar-assaltar-carro-forte-em-caruaru","tag-policial"],"_links":{"self":[{"href":"https:\/\/blogdoedvaldomagalhaes.com.br\/index.php\/wp-json\/wp\/v2\/posts\/1747","targetHints":{"allow":["GET"]}}],"collection":[{"href":"https:\/\/blogdoedvaldomagalhaes.com.br\/index.php\/wp-json\/wp\/v2\/posts"}],"about":[{"href":"https:\/\/blogdoedvaldomagalhaes.com.br\/index.php\/wp-json\/wp\/v2\/types\/post"}],"author":[{"embeddable":true,"href":"https:\/\/blogdoedvaldomagalhaes.com.br\/index.php\/wp-json\/wp\/v2\/users\/1"}],"replies":[{"embeddable":true,"href":"https:\/\/blogdoedvaldomagalhaes.com.br\/index.php\/wp-json\/wp\/v2\/comments?post=1747"}],"version-history":[{"count":1,"href":"https:\/\/blogdoedvaldomagalhaes.com.br\/index.php\/wp-json\/wp\/v2\/posts\/1747\/revisions"}],"predecessor-version":[{"id":32859,"href":"https:\/\/blogdoedvaldomagalhaes.com.br\/index.php\/wp-json\/wp\/v2\/posts\/1747\/revisions\/32859"}],"wp:attachment":[{"href":"https:\/\/blogdoedvaldomagalhaes.com.br\/index.php\/wp-json\/wp\/v2\/media?parent=1747"}],"wp:term":[{"taxonomy":"category","embeddable":true,"href":"https:\/\/blogdoedvaldomagalhaes.com.br\/index.php\/wp-json\/wp\/v2\/categories?post=1747"},{"taxonomy":"post_tag","embeddable":true,"href":"https:\/\/blogdoedvaldomagalhaes.com.br\/index.php\/wp-json\/wp\/v2\/tags?post=1747"}],"curies":[{"name":"wp","href":"https:\/\/api.w.org\/{rel}","templated":true}]}}