{"id":1746,"date":"2018-07-18T10:10:00","date_gmt":"2018-07-18T13:10:00","guid":{"rendered":"http:\/\/blogdoedvaldomagalhaes.com.br\/index.php\/2018\/07\/18\/criminosos-explodem-agencia-bancaria-e\/"},"modified":"2019-02-09T02:25:15","modified_gmt":"2019-02-09T04:25:15","slug":"criminosos-explodem-agencia-bancaria-e","status":"publish","type":"post","link":"https:\/\/blogdoedvaldomagalhaes.com.br\/index.php\/2018\/07\/18\/criminosos-explodem-agencia-bancaria-e\/","title":{"rendered":"Criminosos explodem ag\u00eancia banc\u00e1ria em Lagoa dos Gatos"},"content":{"rendered":"<div class=\"separator\" style=\"clear: both; text-align: center;\">\n<a href=\"https:\/\/4.bp.blogspot.com\/-8hxlCwtEFXQ\/W08R1_0sjOI\/AAAAAAAA2oc\/dPGOJDxXk80WOqK5_SiiKrLKw1JyBKzJQCLcBGAs\/s1600\/banco.jpg\" imageanchor=\"1\" style=\"margin-left: 1em; margin-right: 1em;\"><img loading=\"lazy\" decoding=\"async\" border=\"0\" data-original-height=\"281\" data-original-width=\"500\" height=\"354\" src=\"http:\/\/blogdoedvaldomagalhaes.com.br\/wp-content\/uploads\/2018\/07\/banco.jpg\" width=\"640\" \/><\/a><\/div>\n<div class=\"separator\" style=\"clear: both; text-align: center;\">\nFotos: WhatsaApp\/Cortesia<\/div>\n<p><\/p>\n<div style=\"background-color: white; box-sizing: border-box; line-height: 24px; margin-bottom: 10px; text-align: justify;\">\nQuadrilha de criminosos n\u00e3o d\u00e1 tr\u00e9gua no Agreste de Pernambuco. Ap\u00f3s 9 dias do ataque a quatro bancos em Surubim, os bandidos voltaram a atacar na regi\u00e3o. Desta vez o alvo foi a ag\u00eancia do Bradesco de Lagoa dos Gatos, a 54 quil\u00f4metros de Caruaru.<\/p>\n<p><\/p>\n<div class=\"separator\" style=\"clear: both; text-align: center;\">\n<a href=\"https:\/\/3.bp.blogspot.com\/-CfiZymEEIwM\/W08oKt7hGhI\/AAAAAAAA2pA\/8beitrsqGhETdy7Wd_cZUHSiEbvX0XrEgCLcBGAs\/s1600\/IMG-20180718-WA0015.jpg\" imageanchor=\"1\" style=\"margin-left: 1em; margin-right: 1em;\"><img loading=\"lazy\" decoding=\"async\" border=\"0\" data-original-height=\"719\" data-original-width=\"1280\" height=\"358\" src=\"http:\/\/blogdoedvaldomagalhaes.com.br\/wp-content\/uploads\/2018\/07\/IMG-20180718-WA0015.jpg\" width=\"640\" \/><\/a><\/div>\n<div class=\"separator\" style=\"clear: both; text-align: center;\">\n<\/div>\n<div class=\"separator\" style=\"clear: both; text-align: center;\">\n<a href=\"https:\/\/2.bp.blogspot.com\/-NHu3Xq_TgF4\/W08oXcH0TEI\/AAAAAAAA2pE\/wb-a2NcZrOMgzV8OeKHP0n-d-mB6SvUFACLcBGAs\/s1600\/IMG-20180718-WA0016.jpg\" imageanchor=\"1\" style=\"margin-left: 1em; margin-right: 1em;\"><img loading=\"lazy\" decoding=\"async\" border=\"0\" data-original-height=\"1280\" data-original-width=\"719\" height=\"640\" src=\"http:\/\/blogdoedvaldomagalhaes.com.br\/wp-content\/uploads\/2018\/07\/IMG-20180718-WA0016.jpg\" width=\"358\" \/><\/a><\/div>\n<p><\/div>\n<div style=\"background-color: white; box-sizing: border-box; line-height: 24px; margin-bottom: 10px; text-align: justify;\">\nO ataque aconteceu \u00e0s 2h30 da madrugada desta quarta-feira (18). Os bandidos em dois carros come\u00e7aram a atirar e tentaram explodir caixas eletr\u00f4nicos. O pr\u00e9dio tamb\u00e9m ficou parcialmente destru\u00eddo. O local foi isolado pela Pol\u00edcia Militar.<\/div>\n<div style=\"background-color: white; box-sizing: border-box; line-height: 24px; margin-bottom: 10px; text-align: justify;\">\nOs moradores acordaram com muitos tiros e explos\u00e3o.<\/p>\n<p><\/p>\n<div class=\"separator\" style=\"clear: both; text-align: center;\">\n<a href=\"https:\/\/3.bp.blogspot.com\/-2PWW4frmdKo\/W08onoaPYoI\/AAAAAAAA2pQ\/H7AcPhwkL28teZSFSvTFZVb18tpn74GJwCLcBGAs\/s1600\/IMG-20180718-WA0017.jpg\" imageanchor=\"1\" style=\"margin-left: 1em; margin-right: 1em;\"><img loading=\"lazy\" decoding=\"async\" border=\"0\" data-original-height=\"719\" data-original-width=\"1280\" height=\"358\" src=\"http:\/\/blogdoedvaldomagalhaes.com.br\/wp-content\/uploads\/2018\/07\/IMG-20180718-WA0017.jpg\" width=\"640\" \/><\/a><\/div>\n<p><\/p>\n<div class=\"separator\" style=\"clear: both; text-align: center;\">\n<a href=\"https:\/\/1.bp.blogspot.com\/-UU7jIdZOctQ\/W08o0vg6OxI\/AAAAAAAA2pU\/7F7L0rcBFGUyymyAxTqU7IRe2rHiCEgqACLcBGAs\/s1600\/IMG-20180718-WA0014.jpg\" imageanchor=\"1\" style=\"margin-left: 1em; margin-right: 1em;\"><img loading=\"lazy\" decoding=\"async\" border=\"0\" data-original-height=\"1280\" data-original-width=\"720\" height=\"640\" src=\"http:\/\/blogdoedvaldomagalhaes.com.br\/wp-content\/uploads\/2018\/07\/IMG-20180718-WA0014.jpg\" width=\"360\" \/><\/a><\/div>\n<p>\nInforma\u00e7\u00f5es da R\u00e1dio Liberdade.<\/div>\n","protected":false},"excerpt":{"rendered":"<p>Fotos: WhatsaApp\/Cortesia Quadrilha de criminosos n\u00e3o d\u00e1 tr\u00e9gua no Agreste de Pernambuco. Ap\u00f3s 9 dias do ataque a quatro bancos&hellip;<\/p>\n","protected":false},"author":1,"featured_media":0,"comment_status":"open","ping_status":"open","sticky":false,"template":"","format":"standard","meta":{"footnotes":""},"categories":[1],"tags":[2,1768,13],"class_list":["post-1746","post","type-post","status-publish","format-standard","hentry","category-sem-categoria","tag-blog-do-edvaldo-magalhaes","tag-criminosos-explodem-agencia-bancaria-em-lagoa-dos-gatos","tag-policial"],"_links":{"self":[{"href":"https:\/\/blogdoedvaldomagalhaes.com.br\/index.php\/wp-json\/wp\/v2\/posts\/1746","targetHints":{"allow":["GET"]}}],"collection":[{"href":"https:\/\/blogdoedvaldomagalhaes.com.br\/index.php\/wp-json\/wp\/v2\/posts"}],"about":[{"href":"https:\/\/blogdoedvaldomagalhaes.com.br\/index.php\/wp-json\/wp\/v2\/types\/post"}],"author":[{"embeddable":true,"href":"https:\/\/blogdoedvaldomagalhaes.com.br\/index.php\/wp-json\/wp\/v2\/users\/1"}],"replies":[{"embeddable":true,"href":"https:\/\/blogdoedvaldomagalhaes.com.br\/index.php\/wp-json\/wp\/v2\/comments?post=1746"}],"version-history":[{"count":1,"href":"https:\/\/blogdoedvaldomagalhaes.com.br\/index.php\/wp-json\/wp\/v2\/posts\/1746\/revisions"}],"predecessor-version":[{"id":32865,"href":"https:\/\/blogdoedvaldomagalhaes.com.br\/index.php\/wp-json\/wp\/v2\/posts\/1746\/revisions\/32865"}],"wp:attachment":[{"href":"https:\/\/blogdoedvaldomagalhaes.com.br\/index.php\/wp-json\/wp\/v2\/media?parent=1746"}],"wp:term":[{"taxonomy":"category","embeddable":true,"href":"https:\/\/blogdoedvaldomagalhaes.com.br\/index.php\/wp-json\/wp\/v2\/categories?post=1746"},{"taxonomy":"post_tag","embeddable":true,"href":"https:\/\/blogdoedvaldomagalhaes.com.br\/index.php\/wp-json\/wp\/v2\/tags?post=1746"}],"curies":[{"name":"wp","href":"https:\/\/api.w.org\/{rel}","templated":true}]}}