{"id":1742,"date":"2018-07-18T21:33:00","date_gmt":"2018-07-19T00:33:00","guid":{"rendered":"http:\/\/blogdoedvaldomagalhaes.com.br\/index.php\/2018\/07\/18\/adolescente-suspeito-de-assassinar\/"},"modified":"2019-02-09T02:25:16","modified_gmt":"2019-02-09T04:25:16","slug":"adolescente-suspeito-de-assassinar","status":"publish","type":"post","link":"https:\/\/blogdoedvaldomagalhaes.com.br\/index.php\/2018\/07\/18\/adolescente-suspeito-de-assassinar\/","title":{"rendered":"Adolescente suspeito de assassinar taxista em Caruaru \u00e9 apreendido"},"content":{"rendered":"<div class=\"separator\" style=\"clear: both; text-align: center;\">\n<a href=\"https:\/\/4.bp.blogspot.com\/-5FZbtZN-1ZY\/W0-yCsunmAI\/AAAAAAAA2qo\/Rlz3a_ImPDMOthWkYwHL3n-iaumpztklwCLcBGAs\/s1600\/blog.JPG\" imageanchor=\"1\" style=\"margin-left: 1em; margin-right: 1em;\"><img loading=\"lazy\" decoding=\"async\" border=\"0\" data-original-height=\"266\" data-original-width=\"400\" height=\"424\" src=\"http:\/\/blogdoedvaldomagalhaes.com.br\/wp-content\/uploads\/2018\/07\/blog.jpg\" width=\"640\" \/><\/a><\/div>\n<div class=\"separator\" style=\"clear: both; text-align: center;\">\nFoto: Blog do Adielson Galv\u00e3o<\/div>\n<p><\/p>\n<div style=\"text-align: justify;\">\nA pol\u00edcia apreendeu um adolescente suspeito de assassinar o taxista Jovanildo Fernandes de Freitas (conhecido por Maracuj\u00e1), de 68 anos, morto no \u00faltimo dia 2 de julho, em Caruaru.&nbsp;O Sargento &#8220;Lobo Solit\u00e1rio&#8221; do NIA (N\u00facleo de Intelig\u00eancia do Agreste) recebeu uma den\u00fancia da localiza\u00e7\u00e3o do poss\u00edvel assassino, foi em busca e logrou \u00eaxito.&nbsp;De acordo com o Batalh\u00e3o Integrado Especializado (Biesp), o adolescente tem 17 anos e foi apreendido no s\u00edtio Tabocas, zona rural de Altinho, na tarde desta quarta-feira (18).<\/p>\n<\/div>\n<div style=\"text-align: justify;\">\n<div class=\"separator\" style=\"clear: both; text-align: center;\">\n<a href=\"https:\/\/4.bp.blogspot.com\/-J9vquYp0O-U\/W0-zbx1XBMI\/AAAAAAAA2q0\/M99lxVCAJmkAm6PjmQLXA5bO3CP4akOyQCLcBGAs\/s1600\/taxista.jpg\" imageanchor=\"1\" style=\"margin-left: 1em; margin-right: 1em;\"><img loading=\"lazy\" decoding=\"async\" border=\"0\" data-original-height=\"640\" data-original-width=\"638\" height=\"640\" src=\"http:\/\/blogdoedvaldomagalhaes.com.br\/wp-content\/uploads\/2018\/07\/taxista.jpg\" width=\"632\" \/><\/a><\/div>\n<div class=\"separator\" style=\"clear: both; text-align: center;\">\nTaxista Maracuj\u00e1<\/div>\n<p><\/div>\n<div style=\"text-align: justify;\">\nO suspeito estava na casa do pai e n\u00e3o reagiu. Segundo a pol\u00edcia ele \u00e9 a mesma pessoa que aparece nas imagens das c\u00e2meras de seguran\u00e7a divulgadas nessa ter\u00e7a-feira (17). O adolescente confessou que pegou o t\u00e1xi, que \u00e9 ele mesmo nas imagens, mas nega ter cometido o homic\u00eddio. Ao ser questionado sobre as imagens das c\u00e2meras de seguran\u00e7a dirigindo o t\u00e1xi, ap\u00f3s o homic\u00eddio, o adolescente ficou calado.<\/div>\n","protected":false},"excerpt":{"rendered":"<p>Foto: Blog do Adielson Galv\u00e3o A pol\u00edcia apreendeu um adolescente suspeito de assassinar o taxista Jovanildo Fernandes de Freitas (conhecido&hellip;<\/p>\n","protected":false},"author":1,"featured_media":0,"comment_status":"open","ping_status":"open","sticky":false,"template":"","format":"standard","meta":{"footnotes":""},"categories":[1],"tags":[1763,2,13],"class_list":["post-1742","post","type-post","status-publish","format-standard","hentry","category-sem-categoria","tag-adolescente-suspeito-de-assassinar-taxista-em-caruaru-e-apreendido","tag-blog-do-edvaldo-magalhaes","tag-policial"],"_links":{"self":[{"href":"https:\/\/blogdoedvaldomagalhaes.com.br\/index.php\/wp-json\/wp\/v2\/posts\/1742","targetHints":{"allow":["GET"]}}],"collection":[{"href":"https:\/\/blogdoedvaldomagalhaes.com.br\/index.php\/wp-json\/wp\/v2\/posts"}],"about":[{"href":"https:\/\/blogdoedvaldomagalhaes.com.br\/index.php\/wp-json\/wp\/v2\/types\/post"}],"author":[{"embeddable":true,"href":"https:\/\/blogdoedvaldomagalhaes.com.br\/index.php\/wp-json\/wp\/v2\/users\/1"}],"replies":[{"embeddable":true,"href":"https:\/\/blogdoedvaldomagalhaes.com.br\/index.php\/wp-json\/wp\/v2\/comments?post=1742"}],"version-history":[{"count":1,"href":"https:\/\/blogdoedvaldomagalhaes.com.br\/index.php\/wp-json\/wp\/v2\/posts\/1742\/revisions"}],"predecessor-version":[{"id":32875,"href":"https:\/\/blogdoedvaldomagalhaes.com.br\/index.php\/wp-json\/wp\/v2\/posts\/1742\/revisions\/32875"}],"wp:attachment":[{"href":"https:\/\/blogdoedvaldomagalhaes.com.br\/index.php\/wp-json\/wp\/v2\/media?parent=1742"}],"wp:term":[{"taxonomy":"category","embeddable":true,"href":"https:\/\/blogdoedvaldomagalhaes.com.br\/index.php\/wp-json\/wp\/v2\/categories?post=1742"},{"taxonomy":"post_tag","embeddable":true,"href":"https:\/\/blogdoedvaldomagalhaes.com.br\/index.php\/wp-json\/wp\/v2\/tags?post=1742"}],"curies":[{"name":"wp","href":"https:\/\/api.w.org\/{rel}","templated":true}]}}