{"id":1741,"date":"2018-07-19T10:08:00","date_gmt":"2018-07-19T13:08:00","guid":{"rendered":"http:\/\/blogdoedvaldomagalhaes.com.br\/index.php\/2018\/07\/19\/ex-interno-da-funase-caruaru-de-15-anos\/"},"modified":"2019-02-09T02:25:16","modified_gmt":"2019-02-09T04:25:16","slug":"ex-interno-da-funase-caruaru-de-15-anos","status":"publish","type":"post","link":"https:\/\/blogdoedvaldomagalhaes.com.br\/index.php\/2018\/07\/19\/ex-interno-da-funase-caruaru-de-15-anos\/","title":{"rendered":"Ex-interno da Funase Caruaru de 15 anos \u00e9 assassinado a tiros em Cupira"},"content":{"rendered":"<div class=\"separator\" style=\"clear: both; text-align: center;\">\n<a href=\"https:\/\/3.bp.blogspot.com\/-tBqoA-FpuJU\/W1BjKE3vtaI\/AAAAAAAA2rQ\/Iz1oFuVg_a0TgkLI4P2ZcwtaA0iReZ5ZwCLcBGAs\/s1600\/1.jpg\" imageanchor=\"1\" style=\"margin-left: 1em; margin-right: 1em;\"><img loading=\"lazy\" decoding=\"async\" border=\"0\" data-original-height=\"447\" data-original-width=\"670\" height=\"424\" src=\"http:\/\/blogdoedvaldomagalhaes.com.br\/wp-content\/uploads\/2018\/07\/1-10.jpg\" width=\"640\" \/><\/a><\/div>\n<div class=\"separator\" style=\"clear: both; text-align: center;\">\nFoto ilustrativa<\/div>\n<div style=\"background-color: white; box-sizing: border-box; line-height: 24px; margin-bottom: 10px; text-align: justify;\">\n<\/div>\n<div style=\"background-color: white; box-sizing: border-box; line-height: 24px; margin-bottom: 10px; text-align: justify;\">\nUm adolescente de 15 anos foi assassinado em Cupira, na tarde desta quarta-feira (18). Thiago Eduardo de Luna foi morto com quatro tiros na rua Pedro \u00c1lvares Cabral, bairro Novo Horizonte. Ele morreu no hospital da cidade.<\/div>\n<div style=\"background-color: white; box-sizing: border-box; line-height: 24px; margin-bottom: 10px; text-align: justify;\">\nDe acordo com a pol\u00edcia, o assassino chegou a p\u00e9 e efetuou os disparos. A v\u00edtima j\u00e1 havia cumprido medida socioeducativa na Funase de Caruaru por envolvimento com drogas. O corpo foi encaminhado para o Instituto de Medicina Legal (IML) de Caruaru.<\/p>\n<div class=\"separator\" style=\"clear: both; text-align: center;\">\n<a href=\"https:\/\/3.bp.blogspot.com\/-84R8znLLxyk\/W1Drvg7SY3I\/AAAAAAAA2ug\/0y29sNjsZ1Y_q4llOTBLtWP4VdWPGJKBACLcBGAs\/s1600\/ex.jpg\" imageanchor=\"1\" style=\"margin-left: 1em; margin-right: 1em;\"><img loading=\"lazy\" decoding=\"async\" border=\"0\" data-original-height=\"400\" data-original-width=\"270\" height=\"640\" src=\"http:\/\/blogdoedvaldomagalhaes.com.br\/wp-content\/uploads\/2018\/07\/ex.jpg\" width=\"430\" \/><\/a><\/div>\n<p><\/div>\n<div style=\"background-color: white; box-sizing: border-box; line-height: 24px; margin-bottom: 10px; text-align: justify;\">\nNas \u00faltimas 24 horas, nove pessoas foram assassinadas em Pernambuco, 3 na Regi\u00e3o Metropolitana e 6 no interior. No ano j\u00e1 aconteceram 2.303 homic\u00eddios no Estado, 919 no Grande Recife e 1.386 no interior.<\/div>\n<div style=\"background-color: white; box-sizing: border-box; line-height: 24px; margin-bottom: 10px; text-align: justify;\">\nO Sindicato dos Rodovi\u00e1rios de Pernambuco registrou 7 assaltos a \u00f4nibus. No m\u00eas de julho s\u00e3o 143 ocorr\u00eancias e no ano 1.422 assaltos.<\/div>\n<div style=\"background-color: white; box-sizing: border-box; line-height: 24px; margin-bottom: 10px; text-align: justify;\">\nFonte: R\u00e1dio Liberdade.<\/div>\n","protected":false},"excerpt":{"rendered":"<p>Foto ilustrativa Um adolescente de 15 anos foi assassinado em Cupira, na tarde desta quarta-feira (18). Thiago Eduardo de Luna&hellip;<\/p>\n","protected":false},"author":1,"featured_media":0,"comment_status":"open","ping_status":"open","sticky":false,"template":"","format":"standard","meta":{"footnotes":""},"categories":[1],"tags":[2,1762,13],"class_list":["post-1741","post","type-post","status-publish","format-standard","hentry","category-sem-categoria","tag-blog-do-edvaldo-magalhaes","tag-ex-interno-da-funase-caruaru-de-15-anos-e-assassinado-a-tiros-em-cupira","tag-policial"],"_links":{"self":[{"href":"https:\/\/blogdoedvaldomagalhaes.com.br\/index.php\/wp-json\/wp\/v2\/posts\/1741","targetHints":{"allow":["GET"]}}],"collection":[{"href":"https:\/\/blogdoedvaldomagalhaes.com.br\/index.php\/wp-json\/wp\/v2\/posts"}],"about":[{"href":"https:\/\/blogdoedvaldomagalhaes.com.br\/index.php\/wp-json\/wp\/v2\/types\/post"}],"author":[{"embeddable":true,"href":"https:\/\/blogdoedvaldomagalhaes.com.br\/index.php\/wp-json\/wp\/v2\/users\/1"}],"replies":[{"embeddable":true,"href":"https:\/\/blogdoedvaldomagalhaes.com.br\/index.php\/wp-json\/wp\/v2\/comments?post=1741"}],"version-history":[{"count":1,"href":"https:\/\/blogdoedvaldomagalhaes.com.br\/index.php\/wp-json\/wp\/v2\/posts\/1741\/revisions"}],"predecessor-version":[{"id":32878,"href":"https:\/\/blogdoedvaldomagalhaes.com.br\/index.php\/wp-json\/wp\/v2\/posts\/1741\/revisions\/32878"}],"wp:attachment":[{"href":"https:\/\/blogdoedvaldomagalhaes.com.br\/index.php\/wp-json\/wp\/v2\/media?parent=1741"}],"wp:term":[{"taxonomy":"category","embeddable":true,"href":"https:\/\/blogdoedvaldomagalhaes.com.br\/index.php\/wp-json\/wp\/v2\/categories?post=1741"},{"taxonomy":"post_tag","embeddable":true,"href":"https:\/\/blogdoedvaldomagalhaes.com.br\/index.php\/wp-json\/wp\/v2\/tags?post=1741"}],"curies":[{"name":"wp","href":"https:\/\/api.w.org\/{rel}","templated":true}]}}