{"id":1740,"date":"2018-07-19T12:41:00","date_gmt":"2018-07-19T15:41:00","guid":{"rendered":"http:\/\/blogdoedvaldomagalhaes.com.br\/index.php\/2018\/07\/19\/autodromo-de-caruaru-arrombado-e-motos\/"},"modified":"2019-02-09T02:25:16","modified_gmt":"2019-02-09T04:25:16","slug":"autodromo-de-caruaru-arrombado-e-motos","status":"publish","type":"post","link":"https:\/\/blogdoedvaldomagalhaes.com.br\/index.php\/2018\/07\/19\/autodromo-de-caruaru-arrombado-e-motos\/","title":{"rendered":"Aut\u00f3dromo de Caruaru arrombado e motos furtadas"},"content":{"rendered":"<div class=\"separator\" style=\"clear: both; text-align: center;\">\n<a href=\"https:\/\/2.bp.blogspot.com\/-K7y3_FRue38\/W1CBInvgbKI\/AAAAAAAA2rc\/dA8ytiVFvwgWlxhNThX5Es36w7suT-gKwCLcBGAs\/s1600\/IMG-20180719-WA0032.jpg\" imageanchor=\"1\" style=\"margin-left: 1em; margin-right: 1em;\"><img loading=\"lazy\" decoding=\"async\" border=\"0\" data-original-height=\"1253\" data-original-width=\"1280\" height=\"626\" src=\"http:\/\/blogdoedvaldomagalhaes.com.br\/wp-content\/uploads\/2018\/07\/IMG-20180719-WA0032.jpg\" width=\"640\" \/><\/a><\/div>\n<p><\/p>\n<div style=\"text-align: justify;\">\nDo domingo (15) \u00e0 noite para o amanhecer da segunda-feira (16) o Aut\u00f3dromo Internacional Ayrton Senna, em Caruaru, foi literalmente arrombado e v\u00e1rios bem de valores foram furtados, inclusive a moto (foto acima) R6 ano 2006 vermelha equipada para uso exclusivo em aut\u00f3dromos, e tamb\u00e9m uma TWISTER 250 Honda preta com carenagem de competi\u00e7\u00e3o, s\u00f3 para pista. Alzhan, pede encarecidamente a toda comunidade motocicl\u00edstica e demais que, se souberem do paradeiro dessas motos entre em contato com os n\u00fameros abaixo, que ter\u00e1 uma recompensa.<\/div>\n<div style=\"text-align: justify;\">\n<\/div>\n<div style=\"text-align: justify;\">\nFones:&nbsp;Alzhan-barrossi 81 99128-2661 e&nbsp;ALZENHALL&nbsp;83 99895-1092<\/p>\n<p>Nota&nbsp;<\/p>\n<p>Em rela\u00e7\u00e3o ao ocorrido no Aut\u00f3dromo Internacional Ayrton Senna, a Funda\u00e7\u00e3o de Cultura e Turismo de Caruaru esclarece que as duas motos eram de corrida e foram roubadas no local por neglig\u00eancia do dono, que j\u00e1 havia sido informado pela dire\u00e7\u00e3o para retirar os ve\u00edculos, que estavam estacionados no local h\u00e1 meses, sem autoriza\u00e7\u00e3o. A dire\u00e7\u00e3o do Aut\u00f3dromo informou que, apesar do local contar com rondas da guarda municipal, j\u00e1 havia alertado o propriet\u00e1rio de que n\u00e3o se responsabilizaria pela seguran\u00e7a das motos estacionadas no local.<\/p><\/div>\n","protected":false},"excerpt":{"rendered":"<p>Do domingo (15) \u00e0 noite para o amanhecer da segunda-feira (16) o Aut\u00f3dromo Internacional Ayrton Senna, em Caruaru, foi literalmente&hellip;<\/p>\n","protected":false},"author":1,"featured_media":0,"comment_status":"open","ping_status":"open","sticky":false,"template":"","format":"standard","meta":{"footnotes":""},"categories":[1],"tags":[2,13],"class_list":["post-1740","post","type-post","status-publish","format-standard","hentry","category-sem-categoria","tag-blog-do-edvaldo-magalhaes","tag-policial"],"_links":{"self":[{"href":"https:\/\/blogdoedvaldomagalhaes.com.br\/index.php\/wp-json\/wp\/v2\/posts\/1740","targetHints":{"allow":["GET"]}}],"collection":[{"href":"https:\/\/blogdoedvaldomagalhaes.com.br\/index.php\/wp-json\/wp\/v2\/posts"}],"about":[{"href":"https:\/\/blogdoedvaldomagalhaes.com.br\/index.php\/wp-json\/wp\/v2\/types\/post"}],"author":[{"embeddable":true,"href":"https:\/\/blogdoedvaldomagalhaes.com.br\/index.php\/wp-json\/wp\/v2\/users\/1"}],"replies":[{"embeddable":true,"href":"https:\/\/blogdoedvaldomagalhaes.com.br\/index.php\/wp-json\/wp\/v2\/comments?post=1740"}],"version-history":[{"count":1,"href":"https:\/\/blogdoedvaldomagalhaes.com.br\/index.php\/wp-json\/wp\/v2\/posts\/1740\/revisions"}],"predecessor-version":[{"id":32880,"href":"https:\/\/blogdoedvaldomagalhaes.com.br\/index.php\/wp-json\/wp\/v2\/posts\/1740\/revisions\/32880"}],"wp:attachment":[{"href":"https:\/\/blogdoedvaldomagalhaes.com.br\/index.php\/wp-json\/wp\/v2\/media?parent=1740"}],"wp:term":[{"taxonomy":"category","embeddable":true,"href":"https:\/\/blogdoedvaldomagalhaes.com.br\/index.php\/wp-json\/wp\/v2\/categories?post=1740"},{"taxonomy":"post_tag","embeddable":true,"href":"https:\/\/blogdoedvaldomagalhaes.com.br\/index.php\/wp-json\/wp\/v2\/tags?post=1740"}],"curies":[{"name":"wp","href":"https:\/\/api.w.org\/{rel}","templated":true}]}}