{"id":1739,"date":"2018-07-19T18:02:00","date_gmt":"2018-07-19T21:02:00","guid":{"rendered":"http:\/\/blogdoedvaldomagalhaes.com.br\/index.php\/2018\/07\/19\/camara-de-caruaru-aprova-viagem-da_19\/"},"modified":"2019-02-09T02:25:17","modified_gmt":"2019-02-09T04:25:17","slug":"camara-de-caruaru-aprova-viagem-da_19","status":"publish","type":"post","link":"https:\/\/blogdoedvaldomagalhaes.com.br\/index.php\/2018\/07\/19\/camara-de-caruaru-aprova-viagem-da_19\/","title":{"rendered":"C\u00e2mara de Caruaru aprova viagem da prefeita ao exterior e tr\u00eas vereadores votam contra"},"content":{"rendered":"<div class=\"separator\" style=\"clear: both; text-align: center;\">\n<a href=\"https:\/\/1.bp.blogspot.com\/-qHpToC7sO0s\/W1DSAM3ZsiI\/AAAAAAAA2tI\/lnp052Nl6V4eULXcyX_br8f0OmkJ-DVtgCLcBGAs\/s1600\/camara%2B1.jpg\" imageanchor=\"1\" style=\"margin-left: 1em; margin-right: 1em;\"><img loading=\"lazy\" decoding=\"async\" border=\"0\" data-original-height=\"360\" data-original-width=\"640\" height=\"360\" src=\"http:\/\/blogdoedvaldomagalhaes.com.br\/wp-content\/uploads\/2018\/07\/camara1.jpg\" width=\"640\" \/><\/a><\/div>\n<p><\/p>\n<div style=\"text-align: justify;\">\nOs vereadores de Caruaru interromperam o recesso parlamentar e se reuniram extraordinariamente nesta quinta-feira (19), para autorizar uma viagem da prefeita Raquel Lyra (PSDB) para os Estados Unidos da Am\u00e9rica, onde ela far\u00e1 mais um curso.<\/p>\n<p><\/p>\n<div class=\"separator\" style=\"clear: both; text-align: center;\">\n<a href=\"https:\/\/1.bp.blogspot.com\/-GoFwmmqfvCc\/W1DTA6Vtt5I\/AAAAAAAA2tU\/2Ue3gbYSxHUxHPESg61GJhIpWukomzXjACLcBGAs\/s1600\/camara%2B4.jpg\" imageanchor=\"1\" style=\"margin-left: 1em; margin-right: 1em;\"><img loading=\"lazy\" decoding=\"async\" border=\"0\" data-original-height=\"360\" data-original-width=\"640\" height=\"360\" src=\"http:\/\/blogdoedvaldomagalhaes.com.br\/wp-content\/uploads\/2018\/07\/camara4.jpg\" width=\"640\" \/><\/a><\/div>\n<div style=\"background-color: white; border: 0px; margin-bottom: 1.5em; outline: 0px; padding: 0px; text-align: justify; vertical-align: baseline;\">\nAp\u00f3s a realiza\u00e7\u00e3o da 1\u00aa Sess\u00e3o Extraordin\u00e1ria, onde o projeto deu entrada e foi lido, houve uma reuni\u00e3o entre as comiss\u00f5es de \u00c9tica, Reda\u00e7\u00e3o e Legisla\u00e7\u00e3o. O l\u00edder da bancada de oposi\u00e7\u00e3o Alberes Lopes votou contra a autoriza\u00e7\u00e3o. Na opini\u00e3o dele, o momento n\u00e3o e prop\u00edcio para passar 20 dias fora da cidade. Outra d\u00favida dos vereadores era com os custos da viagem, mas foi esclarecido que os mesmos ser\u00e3o pagos por quem vai promover o curso.<\/div>\n<div class=\"separator\" style=\"clear: both; text-align: center;\">\n<\/div>\n<div class=\"separator\" style=\"clear: both; text-align: center;\">\n<a href=\"https:\/\/2.bp.blogspot.com\/-OhGdN0NhSvM\/W1DTl-e1kHI\/AAAAAAAA2tc\/eSxsGpciBFkZcak64X7X4EP6Az-mVKRVwCLcBGAs\/s1600\/camara%2B3.jpg\" imageanchor=\"1\" style=\"margin-left: 1em; margin-right: 1em;\"><img loading=\"lazy\" decoding=\"async\" border=\"0\" data-original-height=\"360\" data-original-width=\"640\" height=\"360\" src=\"http:\/\/blogdoedvaldomagalhaes.com.br\/wp-content\/uploads\/2018\/07\/camara3.jpg\" width=\"640\" \/><\/a><\/div>\n<div style=\"background-color: white; border: 0px; margin-bottom: 1.5em; outline: 0px; padding: 0px; text-align: justify; vertical-align: baseline;\">\n<\/div>\n<div style=\"background-color: white; border: 0px; margin-bottom: 1.5em; outline: 0px; padding: 0px; text-align: justify; vertical-align: baseline;\">\nEm seguida, foi iniciada a 2\u00aa Sess\u00e3o Extraordin\u00e1ria, quando&nbsp;os pareceres foram lidos, houve o in\u00edcio da vota\u00e7\u00e3o e uma pol\u00eamica, com a oposi\u00e7\u00e3o querendo votos nominais e a Mesa Diretora explicando que a vota\u00e7\u00e3o era simb\u00f3lica, de acordo com o Regimento da Casa. O presidente da C\u00e2mara, Lula Torres (PSDB), atendeu aos pedidos dos vereadores e consultou o plen\u00e1rio que deliberou pela vota\u00e7\u00e3o nominal.<\/div>\n<div class=\"separator\" style=\"clear: both; text-align: center;\">\n<a href=\"https:\/\/3.bp.blogspot.com\/-53ymVGQhX-s\/W1DUXHzjbOI\/AAAAAAAA2to\/JhwpV3KWfJ8GllBt6V8ZtceituOITp_GACLcBGAs\/s1600\/camara.jpg\" imageanchor=\"1\" style=\"margin-left: 1em; margin-right: 1em;\"><img loading=\"lazy\" decoding=\"async\" border=\"0\" data-original-height=\"180\" data-original-width=\"320\" height=\"360\" src=\"http:\/\/blogdoedvaldomagalhaes.com.br\/wp-content\/uploads\/2018\/07\/camara-1.jpg\" width=\"640\" \/><\/a><\/div>\n<div style=\"background-color: white; border: 0px; margin-bottom: 1.5em; outline: 0px; padding: 0px; text-align: justify; vertical-align: baseline;\">\n<br \/>\nPor maioria de 17 votos favor\u00e1veis 03 contr\u00e1rios, foi concedida a autoriza\u00e7\u00e3o. Confira a vota\u00e7\u00e3o abaixo:<\/div>\n<div style=\"background-color: white; border: 0px; margin-bottom: 1.5em; outline: 0px; padding: 0px; text-align: justify; vertical-align: baseline;\">\n<b>Votaram sim<\/b><\/div>\n<div style=\"background-color: white; border: 0px; margin-bottom: 1.5em; outline: 0px; padding: 0px; text-align: justify; vertical-align: baseline;\">\nAllysson da Farm\u00e1cia<\/div>\n<div style=\"background-color: white; border: 0px; color: #4b4b4b; margin-bottom: 1.5em; outline: 0px; padding: 0px; text-align: justify; vertical-align: baseline;\">\nBruno Lambreta<\/div>\n<div style=\"background-color: white; border: 0px; color: #4b4b4b; margin-bottom: 1.5em; outline: 0px; padding: 0px; text-align: justify; vertical-align: baseline;\">\nCec\u00edlio Pedro<\/div>\n<div style=\"background-color: white; border: 0px; color: #4b4b4b; margin-bottom: 1.5em; outline: 0px; padding: 0px; text-align: justify; vertical-align: baseline;\">\nDuda do Vassoural<\/div>\n<div style=\"background-color: white; border: 0px; color: #4b4b4b; margin-bottom: 1.5em; outline: 0px; padding: 0px; text-align: justify; vertical-align: baseline;\">\nEdjailson da Caru Forr\u00f3<\/div>\n<div style=\"background-color: white; border: 0px; color: #4b4b4b; margin-bottom: 1.5em; outline: 0px; padding: 0px; text-align: justify; vertical-align: baseline;\">\nEdmilson do Salgado<\/div>\n<div style=\"background-color: white; border: 0px; color: #4b4b4b; margin-bottom: 1.5em; outline: 0px; padding: 0px; text-align: justify; vertical-align: baseline;\">\nFagner Fernandes<\/div>\n<div style=\"background-color: white; border: 0px; color: #4b4b4b; margin-bottom: 1.5em; outline: 0px; padding: 0px; text-align: justify; vertical-align: baseline;\">\nGalego de Lages<\/div>\n<div style=\"background-color: white; border: 0px; color: #4b4b4b; margin-bottom: 1.5em; outline: 0px; padding: 0px; text-align: justify; vertical-align: baseline;\">\nHeleno Oscar<\/div>\n<div style=\"background-color: white; border: 0px; color: #4b4b4b; margin-bottom: 1.5em; outline: 0px; padding: 0px; text-align: justify; vertical-align: baseline;\">\nYtalo Henrique<\/div>\n<div style=\"background-color: white; border: 0px; color: #4b4b4b; margin-bottom: 1.5em; outline: 0px; padding: 0px; text-align: justify; vertical-align: baseline;\">\nLeonardo Chaves<\/div>\n<div style=\"background-color: white; border: 0px; color: #4b4b4b; margin-bottom: 1.5em; outline: 0px; padding: 0px; text-align: justify; vertical-align: baseline;\">\nLula T\u00f4rres<\/div>\n<div style=\"background-color: white; border: 0px; color: #4b4b4b; margin-bottom: 1.5em; outline: 0px; padding: 0px; text-align: justify; vertical-align: baseline;\">\nAndrey Gouveia<\/div>\n<div style=\"background-color: white; border: 0px; color: #4b4b4b; margin-bottom: 1.5em; outline: 0px; padding: 0px; text-align: justify; vertical-align: baseline;\">\nPierson Leite<\/div>\n<div style=\"background-color: white; border: 0px; color: #4b4b4b; margin-bottom: 1.5em; outline: 0px; padding: 0px; text-align: justify; vertical-align: baseline;\">\nRicardo Liberato<\/div>\n<div style=\"background-color: white; border: 0px; color: #4b4b4b; margin-bottom: 1.5em; outline: 0px; padding: 0px; text-align: justify; vertical-align: baseline;\">\nZez\u00e9 Parteira<\/div>\n<div style=\"background-color: white; border: 0px; color: #4b4b4b; margin-bottom: 1.5em; outline: 0px; padding: 0px; text-align: justify; vertical-align: baseline;\">\n<strong style=\"border: 0px; font-style: inherit; margin: 0px; outline: 0px; padding: 0px; vertical-align: baseline;\">Votaram n\u00e3o<\/strong><\/div>\n<div style=\"background-color: white; border: 0px; color: #4b4b4b; margin-bottom: 1.5em; outline: 0px; padding: 0px; text-align: justify; vertical-align: baseline;\">\nAlberes Lopes<\/div>\n<div style=\"background-color: white; border: 0px; color: #4b4b4b; margin-bottom: 1.5em; outline: 0px; padding: 0px; text-align: justify; vertical-align: baseline;\">\nMarcelo Gomes<\/div>\n<div style=\"background-color: white; border: 0px; color: #4b4b4b; margin-bottom: 1.5em; outline: 0px; padding: 0px; text-align: justify; vertical-align: baseline;\">\nS\u00e9rgio Siqueira<\/div>\n<\/div>\n","protected":false},"excerpt":{"rendered":"<p>Os vereadores de Caruaru interromperam o recesso parlamentar e se reuniram extraordinariamente nesta quinta-feira (19), para autorizar uma viagem da&hellip;<\/p>\n","protected":false},"author":1,"featured_media":0,"comment_status":"open","ping_status":"open","sticky":false,"template":"","format":"standard","meta":{"footnotes":""},"categories":[1],"tags":[2,1761,20],"class_list":["post-1739","post","type-post","status-publish","format-standard","hentry","category-sem-categoria","tag-blog-do-edvaldo-magalhaes","tag-camara-de-caruaru-aprova-viagem-da-prefeita-ao-exterior-e-tres-vereadores-votam-contra","tag-politica"],"_links":{"self":[{"href":"https:\/\/blogdoedvaldomagalhaes.com.br\/index.php\/wp-json\/wp\/v2\/posts\/1739","targetHints":{"allow":["GET"]}}],"collection":[{"href":"https:\/\/blogdoedvaldomagalhaes.com.br\/index.php\/wp-json\/wp\/v2\/posts"}],"about":[{"href":"https:\/\/blogdoedvaldomagalhaes.com.br\/index.php\/wp-json\/wp\/v2\/types\/post"}],"author":[{"embeddable":true,"href":"https:\/\/blogdoedvaldomagalhaes.com.br\/index.php\/wp-json\/wp\/v2\/users\/1"}],"replies":[{"embeddable":true,"href":"https:\/\/blogdoedvaldomagalhaes.com.br\/index.php\/wp-json\/wp\/v2\/comments?post=1739"}],"version-history":[{"count":1,"href":"https:\/\/blogdoedvaldomagalhaes.com.br\/index.php\/wp-json\/wp\/v2\/posts\/1739\/revisions"}],"predecessor-version":[{"id":32885,"href":"https:\/\/blogdoedvaldomagalhaes.com.br\/index.php\/wp-json\/wp\/v2\/posts\/1739\/revisions\/32885"}],"wp:attachment":[{"href":"https:\/\/blogdoedvaldomagalhaes.com.br\/index.php\/wp-json\/wp\/v2\/media?parent=1739"}],"wp:term":[{"taxonomy":"category","embeddable":true,"href":"https:\/\/blogdoedvaldomagalhaes.com.br\/index.php\/wp-json\/wp\/v2\/categories?post=1739"},{"taxonomy":"post_tag","embeddable":true,"href":"https:\/\/blogdoedvaldomagalhaes.com.br\/index.php\/wp-json\/wp\/v2\/tags?post=1739"}],"curies":[{"name":"wp","href":"https:\/\/api.w.org\/{rel}","templated":true}]}}