{"id":1738,"date":"2018-07-19T19:34:00","date_gmt":"2018-07-19T22:34:00","guid":{"rendered":"http:\/\/blogdoedvaldomagalhaes.com.br\/index.php\/2018\/07\/19\/festival-cafe-cultural-de-taquaritinga\/"},"modified":"2019-02-09T02:25:17","modified_gmt":"2019-02-09T04:25:17","slug":"festival-cafe-cultural-de-taquaritinga","status":"publish","type":"post","link":"https:\/\/blogdoedvaldomagalhaes.com.br\/index.php\/2018\/07\/19\/festival-cafe-cultural-de-taquaritinga\/","title":{"rendered":"Festival Caf\u00e9 Cultural de Taquaritinga do Norte come\u00e7a hoje; Confira a programa\u00e7\u00e3o"},"content":{"rendered":"<div class=\"separator\" style=\"clear: both; text-align: center;\">\n<a href=\"https:\/\/1.bp.blogspot.com\/-4lH_R8QYS3Q\/W1DnLasDxII\/AAAAAAAA2t4\/b09HFgEa3ToPcvi3nj2x--UpxwOpbATMwCLcBGAs\/s1600\/01.jpeg\" imageanchor=\"1\" style=\"margin-left: 1em; margin-right: 1em;\"><img loading=\"lazy\" decoding=\"async\" border=\"0\" data-original-height=\"487\" data-original-width=\"1280\" height=\"242\" src=\"http:\/\/blogdoedvaldomagalhaes.com.br\/wp-content\/uploads\/2018\/07\/01.jpeg\" width=\"640\" \/><\/a><\/div>\n<div style=\"text-align: justify;\">\n<\/div>\n<div style=\"text-align: justify;\">\nA serrana Taquaritinga do Norte vem se destacando no Pa\u00eds e no exigente mercado internacional em virtude do seu caf\u00e9, tipo ar\u00e1bica, cultivado as sombras das \u00e1rvores. Por este motivo, ganhou este ano, o 1\u00ba Festival Caf\u00e9 Cultural, entre os dias 19 e 22 de julho.<\/div>\n<div style=\"text-align: justify;\">\n<\/div>\n<div style=\"text-align: justify;\">\nRealizado pela Prefeitura atrav\u00e9s da Diretoria de Cultura junto com o Minist\u00e9rio da Cultura e Governo do Estado, o evento vem resgatar e valorizar a cultura do caf\u00e9, muito rica na cidade, que j\u00e1 foi coroada como tendo um dos melhores do Pa\u00eds. O mesmo \u00e9 100% org\u00e2nico, s\u00f3 recebe aduba\u00e7\u00e3o natural e j\u00e1 \u00e9 exportado para v\u00e1rios Pa\u00edses, pois \u00e9 muito utilizado em qualquer tipo de bebida feita a base de caf\u00e9, porque tem o gosto achocolatado.<\/div>\n<div style=\"text-align: justify;\">\n<\/div>\n<div style=\"text-align: justify;\">\nNa estrutura da festa, as pessoas contar\u00e3o com o trabalho das policias militares, civis, bombeiros e seguran\u00e7as particulares. O evento tamb\u00e9m contar\u00e1 com fiscaliza\u00e7\u00e3o da vigil\u00e2ncia sanit\u00e1ria, presen\u00e7a do Samu e com estande da Secretaria Municipal de Sa\u00fade.<\/div>\n<div style=\"text-align: justify;\">\n<\/div>\n<div class=\"separator\" style=\"clear: both; text-align: center;\">\n<a href=\"https:\/\/1.bp.blogspot.com\/-WLIIO-DDyTw\/W1DnWyIEE9I\/AAAAAAAA2t8\/z-3RBLZ-PPMtnZuaqatKvpjWn4URf95DQCLcBGAs\/s1600\/03.JPG\" imageanchor=\"1\" style=\"margin-left: 1em; margin-right: 1em;\"><img loading=\"lazy\" decoding=\"async\" border=\"0\" data-original-height=\"427\" data-original-width=\"640\" height=\"426\" src=\"http:\/\/blogdoedvaldomagalhaes.com.br\/wp-content\/uploads\/2018\/07\/03-1.jpg\" width=\"640\" \/><\/a><\/div>\n<div style=\"text-align: justify;\">\n<\/div>\n<div style=\"text-align: justify;\">\n<\/div>\n<div style=\"text-align: justify;\">\nA programa\u00e7\u00e3o contar\u00e1 com oficinas voltadas para jovens e adultos, diversas apresenta\u00e7\u00f5es culturais, cortejos e grandes shows com artistas locais, regionais e de renome nacional.<\/div>\n<div style=\"text-align: justify;\">\n<\/div>\n<div style=\"text-align: justify;\">\nE \u00e9 por isso que quem vier \u00e0 Taquaritinga nesse per\u00edodo, n\u00e3o se arrepender\u00e1. Ser\u00e3o quatro dias de pura cultura, caf\u00e9 de primeira qualidade e divers\u00e3o, aliados ao clima agradabil\u00edssimo de montanha que a cidade \u00e9 naturalmente contemplada.<\/div>\n<div style=\"text-align: justify;\">\n<\/div>\n<div class=\"separator\" style=\"clear: both; text-align: center;\">\n<a href=\"https:\/\/2.bp.blogspot.com\/-DKYnMVv8t-Y\/W1DngbUaxmI\/AAAAAAAA2uE\/f12nFCNpz9kT2o7TJlb7quuYtEyNrmcBgCLcBGAs\/s1600\/02.jpg\" imageanchor=\"1\" style=\"margin-left: 1em; margin-right: 1em;\"><img loading=\"lazy\" decoding=\"async\" border=\"0\" data-original-height=\"720\" data-original-width=\"960\" height=\"480\" src=\"http:\/\/blogdoedvaldomagalhaes.com.br\/wp-content\/uploads\/2018\/07\/02-1.jpg\" width=\"640\" \/><\/a><\/div>\n<div style=\"text-align: justify;\">\n<\/div>\n<div style=\"text-align: justify;\">\n<b>Confiram a programa\u00e7\u00e3o completa:<\/b><\/div>\n<div style=\"text-align: justify;\">\n<\/div>\n<div style=\"text-align: justify;\">\nQuinta &#8211; feira \u2013 19 de julho<\/div>\n<div style=\"text-align: justify;\">\n<\/div>\n<div style=\"text-align: justify;\">\n&#8211; Polo Liter\u00e1rio<\/div>\n<div style=\"text-align: justify;\">\n<\/div>\n<div style=\"text-align: justify;\">\n16h \u2013 Lan\u00e7amento de Livro<\/div>\n<div style=\"text-align: justify;\">\n<\/div>\n<div style=\"text-align: justify;\">\n&#8211; Polo Arte e Poesia<\/div>\n<div style=\"text-align: justify;\">\n<\/div>\n<div style=\"text-align: justify;\">\n17h &#8211; Teatro de Mamulengos<\/div>\n<div style=\"text-align: justify;\">\n<\/div>\n<div style=\"text-align: justify;\">\n18h \u2013 Cantoria de Violeiros<\/div>\n<div style=\"text-align: justify;\">\n<\/div>\n<div style=\"text-align: justify;\">\n&#8211; Polo Teatro do SESC (Altar da P\u00e1tria)<\/div>\n<div style=\"text-align: justify;\">\n<\/div>\n<div style=\"text-align: justify;\">\n18h \u2013 Grupo Cultural Siriri do Horizonte Alegre \u2013 (Cidade de Pedra)<\/div>\n<div style=\"text-align: justify;\">\n<\/div>\n<div style=\"text-align: justify;\">\n&#8211; Quadrilha Junina (Cidade de Pedra)<\/div>\n<div style=\"text-align: justify;\">\n<\/div>\n<div style=\"text-align: justify;\">\n&#8211; Sarau Estudantil (Apresenta\u00e7\u00f5es Culturais)<\/div>\n<div style=\"text-align: justify;\">\n<\/div>\n<div style=\"text-align: justify;\">\n&#8211; Show com Alexandre Revoredo<\/div>\n<div style=\"text-align: justify;\">\n<\/div>\n<div style=\"text-align: justify;\">\n&#8211; Polo Caf\u00e9 no Coreto (Cafeteria)<\/div>\n<div style=\"text-align: justify;\">\n<\/div>\n<div style=\"text-align: justify;\">\nEstandes com artesanato (todos os dias do Festival)<\/div>\n<div style=\"text-align: justify;\">\n<\/div>\n<div style=\"text-align: justify;\">\n<b>Sexta \u2013 feira \u2013 20 de julho<\/b><\/div>\n<div style=\"text-align: justify;\">\n<\/div>\n<div style=\"text-align: justify;\">\n&#8211; Polo Liter\u00e1rio (C\u00e2mara dos vereadores)<\/div>\n<div style=\"text-align: justify;\">\n<\/div>\n<div style=\"text-align: justify;\">\n16h \u2013 Lan\u00e7amento de Livro &#8211; Isabele Moreira<\/div>\n<div style=\"text-align: justify;\">\n<\/div>\n<div style=\"text-align: justify;\">\n&#8211; Polo Arte e Poesia<\/div>\n<div style=\"text-align: justify;\">\n<\/div>\n<div style=\"text-align: justify;\">\n17h \u2013 Oficina de Teatro e apresenta\u00e7\u00f5es<\/div>\n<div style=\"text-align: justify;\">\n<\/div>\n<div style=\"text-align: justify;\">\n&#8211; Polo Teatro do SESC<\/div>\n<div style=\"text-align: justify;\">\n<\/div>\n<div style=\"text-align: justify;\">\n18h \u2013 Grupo 2 em cena \u2013 Pe\u00e7a Teatral Sol l\u00e1 no Picadeiro<\/div>\n<div style=\"text-align: justify;\">\n<\/div>\n<div style=\"text-align: justify;\">\n&#8211; Quadrilha Junina (cidade de Sanhar\u00f3)<\/div>\n<div style=\"text-align: justify;\">\n<\/div>\n<div style=\"text-align: justify;\">\n&#8211; Grupo de Xaxado Cabras de Lampi\u00e3o<\/div>\n<div style=\"text-align: justify;\">\n<\/div>\n<div style=\"text-align: justify;\">\n&#8211; Show com Jonas do Acordeom<\/div>\n<div style=\"text-align: justify;\">\n<\/div>\n<div style=\"text-align: justify;\">\n&#8211; Polo Principal<\/div>\n<div style=\"text-align: justify;\">\n<\/div>\n<div style=\"text-align: justify;\">\n22h \u2013 Trio Nordestino<\/div>\n<div style=\"text-align: justify;\">\n<\/div>\n<div style=\"text-align: justify;\">\n&#8211; Santanna o Cantador<\/div>\n<div style=\"text-align: justify;\">\n<\/div>\n<div style=\"text-align: justify;\">\n&#8211; Ful\u00f4 de Mandacaru<\/div>\n<div style=\"text-align: justify;\">\n<\/div>\n<div style=\"text-align: justify;\">\n<b>S\u00e1bado \u2013 21 de julho<\/b><\/div>\n<div style=\"text-align: justify;\">\n<\/div>\n<div style=\"text-align: justify;\">\n9h \u2013 Caminhada ecol\u00f3gica<\/div>\n<div style=\"text-align: justify;\">\n<\/div>\n<div style=\"text-align: justify;\">\n16h- Cortejo Multicultural pelas principais ruas da cidade<\/div>\n<div style=\"text-align: justify;\">\n<\/div>\n<div style=\"text-align: justify;\">\n&#8211; Polo Liter\u00e1rio (C\u00e2mara dos vereadores)<\/div>\n<div style=\"text-align: justify;\">\n<\/div>\n<div style=\"text-align: justify;\">\n&#8211; Palestra com Romoaldo de Souza do Programa Caf\u00e9 &amp; Conversa<\/div>\n<div style=\"text-align: justify;\">\n<\/div>\n<div style=\"text-align: justify;\">\n16h \u2013 Lan\u00e7amento de Livro \u2013 Geraldo Freire<\/div>\n<div style=\"text-align: justify;\">\n<\/div>\n<div style=\"text-align: justify;\">\n&#8211; Polo Arte e Poesia<\/div>\n<div style=\"text-align: justify;\">\n<\/div>\n<div style=\"text-align: justify;\">\n18h \u2013 Conta\u00e7\u00e3o de est\u00f3rias \u2013 Arly Arnold<\/div>\n<div style=\"text-align: justify;\">\n<\/div>\n<div style=\"text-align: justify;\">\n&#8211; Monologo (Pe\u00e7a Teatral)<\/div>\n<div style=\"text-align: justify;\">\n<\/div>\n<div style=\"text-align: justify;\">\n&#8211; Polo Teatro do SESC<\/div>\n<div style=\"text-align: justify;\">\n<\/div>\n<div style=\"text-align: justify;\">\n18h \u2013 Pe\u00e7a Teatral &#8211; Sonhos do Palha\u00e7o Nuneca<\/div>\n<div style=\"text-align: justify;\">\n<\/div>\n<div style=\"text-align: justify;\">\n&#8211; Show com Vertim Moura<\/div>\n<div style=\"text-align: justify;\">\n<\/div>\n<div style=\"text-align: justify;\">\n&#8211; Desfile de Moda<\/div>\n<div style=\"text-align: justify;\">\n<\/div>\n<div style=\"text-align: justify;\">\n&#8211; Show com Lara Sales (cantores de r\u00e1dio)<\/div>\n<div style=\"text-align: justify;\">\n<\/div>\n<div style=\"text-align: justify;\">\n&#8211; Polo Principal<\/div>\n<div style=\"text-align: justify;\">\n<\/div>\n<div style=\"text-align: justify;\">\n22h \u2013 O Disco (Tributo a Banda Roupa Nova)<\/div>\n<div style=\"text-align: justify;\">\n<\/div>\n<div style=\"text-align: justify;\">\n&#8211; Adilson Ramos<\/div>\n<div style=\"text-align: justify;\">\n<\/div>\n<div style=\"text-align: justify;\">\n<b>Domingo \u2013 22 de julho<\/b><\/div>\n<div style=\"text-align: justify;\">\n<\/div>\n<div style=\"text-align: justify;\">\n&#8211; Polo Principal<\/div>\n<div style=\"text-align: justify;\">\n<\/div>\n<div style=\"text-align: justify;\">\n14h \u2013 Orquestra de Frevo<\/div>\n<div style=\"text-align: justify;\">\n<\/div>\n<div style=\"text-align: justify;\">\n&#8211; Andr\u00e9 Rio,<\/div>\n<div style=\"text-align: justify;\">\n<\/div>\n<div style=\"text-align: justify;\">\n&#8211; Luciano Magno<\/div>\n<div style=\"text-align: justify;\">\n<\/div>\n<div style=\"text-align: justify;\">\n&#8211; Benil<\/div>\n","protected":false},"excerpt":{"rendered":"<p>A serrana Taquaritinga do Norte vem se destacando no Pa\u00eds e no exigente mercado internacional em virtude do seu caf\u00e9,&hellip;<\/p>\n","protected":false},"author":1,"featured_media":0,"comment_status":"open","ping_status":"open","sticky":false,"template":"","format":"standard","meta":{"footnotes":""},"categories":[1],"tags":[2,1760,6],"class_list":["post-1738","post","type-post","status-publish","format-standard","hentry","category-sem-categoria","tag-blog-do-edvaldo-magalhaes","tag-festival-cafe-cultural-de-taquaritinga-do-norte-comeca-hoje-confira-a-programacao","tag-noticias"],"_links":{"self":[{"href":"https:\/\/blogdoedvaldomagalhaes.com.br\/index.php\/wp-json\/wp\/v2\/posts\/1738","targetHints":{"allow":["GET"]}}],"collection":[{"href":"https:\/\/blogdoedvaldomagalhaes.com.br\/index.php\/wp-json\/wp\/v2\/posts"}],"about":[{"href":"https:\/\/blogdoedvaldomagalhaes.com.br\/index.php\/wp-json\/wp\/v2\/types\/post"}],"author":[{"embeddable":true,"href":"https:\/\/blogdoedvaldomagalhaes.com.br\/index.php\/wp-json\/wp\/v2\/users\/1"}],"replies":[{"embeddable":true,"href":"https:\/\/blogdoedvaldomagalhaes.com.br\/index.php\/wp-json\/wp\/v2\/comments?post=1738"}],"version-history":[{"count":1,"href":"https:\/\/blogdoedvaldomagalhaes.com.br\/index.php\/wp-json\/wp\/v2\/posts\/1738\/revisions"}],"predecessor-version":[{"id":32889,"href":"https:\/\/blogdoedvaldomagalhaes.com.br\/index.php\/wp-json\/wp\/v2\/posts\/1738\/revisions\/32889"}],"wp:attachment":[{"href":"https:\/\/blogdoedvaldomagalhaes.com.br\/index.php\/wp-json\/wp\/v2\/media?parent=1738"}],"wp:term":[{"taxonomy":"category","embeddable":true,"href":"https:\/\/blogdoedvaldomagalhaes.com.br\/index.php\/wp-json\/wp\/v2\/categories?post=1738"},{"taxonomy":"post_tag","embeddable":true,"href":"https:\/\/blogdoedvaldomagalhaes.com.br\/index.php\/wp-json\/wp\/v2\/tags?post=1738"}],"curies":[{"name":"wp","href":"https:\/\/api.w.org\/{rel}","templated":true}]}}