{"id":1737,"date":"2018-07-19T19:36:00","date_gmt":"2018-07-19T22:36:00","guid":{"rendered":"http:\/\/blogdoedvaldomagalhaes.com.br\/index.php\/2018\/07\/19\/prova-do-concurso-publico-da-compesa\/"},"modified":"2019-02-09T02:25:20","modified_gmt":"2019-02-09T04:25:20","slug":"prova-do-concurso-publico-da-compesa","status":"publish","type":"post","link":"https:\/\/blogdoedvaldomagalhaes.com.br\/index.php\/2018\/07\/19\/prova-do-concurso-publico-da-compesa\/","title":{"rendered":"Prova do concurso p\u00fablico da Compesa ser\u00e1 aplicada no pr\u00f3ximo domingo"},"content":{"rendered":"<div class=\"separator\" style=\"clear: both; text-align: center;\">\n<a href=\"https:\/\/4.bp.blogspot.com\/-aj1MMwxAFdU\/W1DoK_0HkYI\/AAAAAAAA2uU\/c4jyZwe8_M8fkb6wLi-r_79UQHg5hb0agCLcBGAs\/s1600\/compesa.jpg\" imageanchor=\"1\" style=\"margin-left: 1em; margin-right: 1em;\"><img loading=\"lazy\" decoding=\"async\" border=\"0\" data-original-height=\"311\" data-original-width=\"500\" height=\"394\" src=\"http:\/\/blogdoedvaldomagalhaes.com.br\/wp-content\/uploads\/2018\/07\/compesa.jpg\" width=\"640\" \/><\/a><\/div>\n<div class=\"separator\" style=\"clear: both; text-align: center;\">\nFoto: Compesa\/Divulga\u00e7\u00e3o<\/div>\n<div style=\"background-color: white; box-sizing: border-box; line-height: 24px; margin-bottom: 10px; text-align: justify;\">\n<\/div>\n<div style=\"background-color: white; box-sizing: border-box; line-height: 24px; margin-bottom: 10px; text-align: justify;\">\nA prova do concurso p\u00fablico da Compesa ser\u00e1 aplicada domingo (22), no Recife. A disputa ocorrer\u00e1 por meio de prova escrita objetiva tanto para as vagas de n\u00edvel superior quanto para as vagas de n\u00edvel m\u00e9dio e m\u00e9dio t\u00e9cnico.<\/div>\n<div style=\"background-color: white; box-sizing: border-box; line-height: 24px; margin-bottom: 10px; text-align: justify;\">\nOs concorrentes \u00e0s vagas de n\u00edvel superior realizar\u00e3o a prova das 8h \u00e0s 12h. Para n\u00edvel m\u00e9dio e m\u00e9dio t\u00e9cnico, os concorrentes ter\u00e3o o per\u00edodo das 14h30 \u00e0s 18h30 para fazer a prova.<\/div>\n<div style=\"background-color: white; box-sizing: border-box; line-height: 24px; margin-bottom: 10px; text-align: justify;\">\nOs candidatos podem consultar os locais de prova acessando o site da organizadora do concurso, a Funda\u00e7\u00e3o Get\u00falio Vargas&nbsp;<strong style=\"box-sizing: border-box;\"><a href=\"http:\/\/fgvprojetos.fgv.br\/concursos\/compesa2018\" style=\"background-color: transparent; box-sizing: border-box; text-decoration-line: none; transition: 0.3s;\">fgvprojetos.fgv.br\/concursos\/compesa2018<\/a><\/strong><u style=\"box-sizing: border-box;\">.<\/u>&nbsp;Tamb\u00e9m est\u00e1 dispon\u00edvel no site a rela\u00e7\u00e3o completa de candidatos por vaga para todas as especialidades ofertadas.<\/div>\n<div style=\"background-color: white; box-sizing: border-box; line-height: 24px; margin-bottom: 10px; text-align: justify;\">\nO concurso \u00e9 realizado para o preenchimento de 63 vagas, das quais 14 s\u00e3o reservadas para pessoas com defici\u00eancia. Os sal\u00e1rios para as vagas disponibilizadas variam de R$ 1.442,36 a R$ 6.743,28.<\/div>\n","protected":false},"excerpt":{"rendered":"<p>Foto: Compesa\/Divulga\u00e7\u00e3o A prova do concurso p\u00fablico da Compesa ser\u00e1 aplicada domingo (22), no Recife. A disputa ocorrer\u00e1 por meio&hellip;<\/p>\n","protected":false},"author":1,"featured_media":0,"comment_status":"open","ping_status":"open","sticky":false,"template":"","format":"standard","meta":{"footnotes":""},"categories":[1],"tags":[2,6,1759],"class_list":["post-1737","post","type-post","status-publish","format-standard","hentry","category-sem-categoria","tag-blog-do-edvaldo-magalhaes","tag-noticias","tag-prova-do-concurso-publico-da-compesa-sera-aplicada-no-proximo-domingo"],"_links":{"self":[{"href":"https:\/\/blogdoedvaldomagalhaes.com.br\/index.php\/wp-json\/wp\/v2\/posts\/1737","targetHints":{"allow":["GET"]}}],"collection":[{"href":"https:\/\/blogdoedvaldomagalhaes.com.br\/index.php\/wp-json\/wp\/v2\/posts"}],"about":[{"href":"https:\/\/blogdoedvaldomagalhaes.com.br\/index.php\/wp-json\/wp\/v2\/types\/post"}],"author":[{"embeddable":true,"href":"https:\/\/blogdoedvaldomagalhaes.com.br\/index.php\/wp-json\/wp\/v2\/users\/1"}],"replies":[{"embeddable":true,"href":"https:\/\/blogdoedvaldomagalhaes.com.br\/index.php\/wp-json\/wp\/v2\/comments?post=1737"}],"version-history":[{"count":1,"href":"https:\/\/blogdoedvaldomagalhaes.com.br\/index.php\/wp-json\/wp\/v2\/posts\/1737\/revisions"}],"predecessor-version":[{"id":32891,"href":"https:\/\/blogdoedvaldomagalhaes.com.br\/index.php\/wp-json\/wp\/v2\/posts\/1737\/revisions\/32891"}],"wp:attachment":[{"href":"https:\/\/blogdoedvaldomagalhaes.com.br\/index.php\/wp-json\/wp\/v2\/media?parent=1737"}],"wp:term":[{"taxonomy":"category","embeddable":true,"href":"https:\/\/blogdoedvaldomagalhaes.com.br\/index.php\/wp-json\/wp\/v2\/categories?post=1737"},{"taxonomy":"post_tag","embeddable":true,"href":"https:\/\/blogdoedvaldomagalhaes.com.br\/index.php\/wp-json\/wp\/v2\/tags?post=1737"}],"curies":[{"name":"wp","href":"https:\/\/api.w.org\/{rel}","templated":true}]}}