{"id":1731,"date":"2018-07-20T13:34:00","date_gmt":"2018-07-20T16:34:00","guid":{"rendered":"http:\/\/blogdoedvaldomagalhaes.com.br\/index.php\/2018\/07\/20\/deputado-e-ex-prefeito-sofre-acidente\/"},"modified":"2019-02-09T02:25:22","modified_gmt":"2019-02-09T04:25:22","slug":"deputado-e-ex-prefeito-sofre-acidente","status":"publish","type":"post","link":"https:\/\/blogdoedvaldomagalhaes.com.br\/index.php\/2018\/07\/20\/deputado-e-ex-prefeito-sofre-acidente\/","title":{"rendered":"Deputado e ex-prefeito sofre acidente de tr\u00e2nsito na BR-232"},"content":{"rendered":"<div class=\"separator\" style=\"clear: both; text-align: center;\">\n<a href=\"https:\/\/3.bp.blogspot.com\/-_eWfuYIjg9Y\/W1HkpTkW_fI\/AAAAAAAA2xM\/z2Z52oAiTfIm8VPdgsOpUbtFWGCNP6QKQCLcBGAs\/s1600\/ele.jpg\" imageanchor=\"1\" style=\"margin-left: 1em; margin-right: 1em;\"><img loading=\"lazy\" decoding=\"async\" border=\"0\" data-original-height=\"414\" data-original-width=\"625\" height=\"422\" src=\"http:\/\/blogdoedvaldomagalhaes.com.br\/wp-content\/uploads\/2018\/07\/ele-2.jpg\" width=\"640\" \/><\/a><\/div>\n<div class=\"separator\" style=\"clear: both; text-align: center;\">\nFoto: Reprodu\u00e7\u00e3o\/Internet<\/div>\n<p><\/p>\n<div class=\"content\" style=\"background-color: white; box-sizing: border-box;\">\n<div style=\"box-sizing: border-box; line-height: 1.5; margin-bottom: 1rem; text-align: justify;\">\nPor volta das 07h30min, o Deputado Federal Ricardo Teobaldo (Podemos), se dirigia do Recife para Limoeiro onde iria participar de uma reuni\u00e3o no Sindicato na cidade quando seu veiculo pr\u00f3ximo \u00e0 cidade de Moreno na BR-232 veio a capotar por duas vezes devido \u00e0s chuvas.<\/p>\n<p>Com as chuvas ca\u00eddas naquela reagia e em todo interior, na BR-232 sempre acontecem os fen\u00f4menos chamado de aquaplanagem o que fez com que o veiculo em que o deputado e seus assessores estavam viesse a capotar por duas vezes, as informa\u00e7\u00f5es foram repassadas pelo pr\u00f3prio deputado Ricardo Teobaldo.<\/p>\n<p>Estavam com ele no veiculo no momento do acidente, o ex-vereador J\u00fanior de Mois\u00e9s e o motorista. Apesar da viol\u00eancia do acidente todos tiveram ferimentos leves e foram atendidos no hospital da cidade e foram liberados. O deputado assim com os demais no veiculo voltaram para Recife.<\/p>\n<p>Fonte: Folha de Limoeiro.<\/p><\/div>\n<\/div>\n","protected":false},"excerpt":{"rendered":"<p>Foto: Reprodu\u00e7\u00e3o\/Internet Por volta das 07h30min, o Deputado Federal Ricardo Teobaldo (Podemos), se dirigia do Recife para Limoeiro onde iria&hellip;<\/p>\n","protected":false},"author":1,"featured_media":0,"comment_status":"open","ping_status":"open","sticky":false,"template":"","format":"standard","meta":{"footnotes":""},"categories":[1],"tags":[2,1752,20],"class_list":["post-1731","post","type-post","status-publish","format-standard","hentry","category-sem-categoria","tag-blog-do-edvaldo-magalhaes","tag-deputado-e-ex-prefeito-sofre-acidente-de-transito-na-br-232","tag-politica"],"_links":{"self":[{"href":"https:\/\/blogdoedvaldomagalhaes.com.br\/index.php\/wp-json\/wp\/v2\/posts\/1731","targetHints":{"allow":["GET"]}}],"collection":[{"href":"https:\/\/blogdoedvaldomagalhaes.com.br\/index.php\/wp-json\/wp\/v2\/posts"}],"about":[{"href":"https:\/\/blogdoedvaldomagalhaes.com.br\/index.php\/wp-json\/wp\/v2\/types\/post"}],"author":[{"embeddable":true,"href":"https:\/\/blogdoedvaldomagalhaes.com.br\/index.php\/wp-json\/wp\/v2\/users\/1"}],"replies":[{"embeddable":true,"href":"https:\/\/blogdoedvaldomagalhaes.com.br\/index.php\/wp-json\/wp\/v2\/comments?post=1731"}],"version-history":[{"count":1,"href":"https:\/\/blogdoedvaldomagalhaes.com.br\/index.php\/wp-json\/wp\/v2\/posts\/1731\/revisions"}],"predecessor-version":[{"id":32905,"href":"https:\/\/blogdoedvaldomagalhaes.com.br\/index.php\/wp-json\/wp\/v2\/posts\/1731\/revisions\/32905"}],"wp:attachment":[{"href":"https:\/\/blogdoedvaldomagalhaes.com.br\/index.php\/wp-json\/wp\/v2\/media?parent=1731"}],"wp:term":[{"taxonomy":"category","embeddable":true,"href":"https:\/\/blogdoedvaldomagalhaes.com.br\/index.php\/wp-json\/wp\/v2\/categories?post=1731"},{"taxonomy":"post_tag","embeddable":true,"href":"https:\/\/blogdoedvaldomagalhaes.com.br\/index.php\/wp-json\/wp\/v2\/tags?post=1731"}],"curies":[{"name":"wp","href":"https:\/\/api.w.org\/{rel}","templated":true}]}}