{"id":1730,"date":"2018-07-20T15:30:00","date_gmt":"2018-07-20T18:30:00","guid":{"rendered":"http:\/\/blogdoedvaldomagalhaes.com.br\/index.php\/2018\/07\/20\/caruaru-tem-novo-secretario-executivo\/"},"modified":"2019-02-09T02:25:23","modified_gmt":"2019-02-09T04:25:23","slug":"caruaru-tem-novo-secretario-executivo","status":"publish","type":"post","link":"https:\/\/blogdoedvaldomagalhaes.com.br\/index.php\/2018\/07\/20\/caruaru-tem-novo-secretario-executivo\/","title":{"rendered":"Caruaru tem novo Secret\u00e1rio Executivo de Educa\u00e7\u00e3o"},"content":{"rendered":"<p><\/p>\n<div class=\"separator\" style=\"clear: both; text-align: center;\">\n<a href=\"https:\/\/2.bp.blogspot.com\/-A9_Vj9iHxng\/W1H_db-ydjI\/AAAAAAAA2xw\/UY3PjHl8GZE2B-fJIdVKgXY384I6JIZLACLcBGAs\/s1600\/IMG-20180720-WA0101.jpg\" imageanchor=\"1\" style=\"margin-left: 1em; margin-right: 1em;\"><img loading=\"lazy\" decoding=\"async\" border=\"0\" data-original-height=\"744\" data-original-width=\"1280\" height=\"372\" src=\"http:\/\/blogdoedvaldomagalhaes.com.br\/wp-content\/uploads\/2018\/07\/IMG-20180720-WA0101.jpg\" width=\"640\" \/><\/a><\/div>\n<div class=\"separator\" style=\"clear: both; text-align: center;\">\nFoto: Iza\u00edas Rodrigues para o Blog do Edvaldo Magalh\u00e3es<\/div>\n<div class=\"separator\" style=\"clear: both; text-align: center;\">\n<\/div>\n<div class=\"separator\" style=\"clear: both; text-align: justify;\">\nO novo Secret\u00e1rio Executivo de Gest\u00e3o de Rede de Caruaru, \u00e9 Allan Torres. Ele \u00e9 natural de Caruaru, saiu da cidade em 2010 e foi trabalhar na rede de educa\u00e7\u00e3o em Recife, depois foi para Bras\u00edlia, trabalhando na Secret\u00e1ria de Assuntos Estrat\u00e9gicos com inova\u00e7\u00e3o na gest\u00e3o p\u00fablica, empreendedorismo e prudente, do Minist\u00e9rio da Educa\u00e7\u00e3o, na gest\u00e3o anterior.&nbsp;<\/div>\n<div class=\"separator\" style=\"clear: both; text-align: justify;\">\n<\/div>\n<div class=\"separator\" style=\"clear: both; text-align: justify;\">\nAllan Torres, n\u00e3o foi ainda anunciado oficialmente pela Gest\u00e3o Municipal, mas, mod\u00e9stia \u00e0 parte, no Blog do Magalh\u00e3es voc\u00ea pode confiar.<\/div>\n","protected":false},"excerpt":{"rendered":"<p>Foto: Iza\u00edas Rodrigues para o Blog do Edvaldo Magalh\u00e3es O novo Secret\u00e1rio Executivo de Gest\u00e3o de Rede de Caruaru, \u00e9&hellip;<\/p>\n","protected":false},"author":1,"featured_media":0,"comment_status":"open","ping_status":"open","sticky":false,"template":"","format":"standard","meta":{"footnotes":""},"categories":[1],"tags":[1750,2,1751,20],"class_list":["post-1730","post","type-post","status-publish","format-standard","hentry","category-sem-categoria","tag-allan-torres","tag-blog-do-edvaldo-magalhaes","tag-caruaru-tem-novo-secretario-executivo-de-educacao","tag-politica"],"_links":{"self":[{"href":"https:\/\/blogdoedvaldomagalhaes.com.br\/index.php\/wp-json\/wp\/v2\/posts\/1730","targetHints":{"allow":["GET"]}}],"collection":[{"href":"https:\/\/blogdoedvaldomagalhaes.com.br\/index.php\/wp-json\/wp\/v2\/posts"}],"about":[{"href":"https:\/\/blogdoedvaldomagalhaes.com.br\/index.php\/wp-json\/wp\/v2\/types\/post"}],"author":[{"embeddable":true,"href":"https:\/\/blogdoedvaldomagalhaes.com.br\/index.php\/wp-json\/wp\/v2\/users\/1"}],"replies":[{"embeddable":true,"href":"https:\/\/blogdoedvaldomagalhaes.com.br\/index.php\/wp-json\/wp\/v2\/comments?post=1730"}],"version-history":[{"count":2,"href":"https:\/\/blogdoedvaldomagalhaes.com.br\/index.php\/wp-json\/wp\/v2\/posts\/1730\/revisions"}],"predecessor-version":[{"id":49010,"href":"https:\/\/blogdoedvaldomagalhaes.com.br\/index.php\/wp-json\/wp\/v2\/posts\/1730\/revisions\/49010"}],"wp:attachment":[{"href":"https:\/\/blogdoedvaldomagalhaes.com.br\/index.php\/wp-json\/wp\/v2\/media?parent=1730"}],"wp:term":[{"taxonomy":"category","embeddable":true,"href":"https:\/\/blogdoedvaldomagalhaes.com.br\/index.php\/wp-json\/wp\/v2\/categories?post=1730"},{"taxonomy":"post_tag","embeddable":true,"href":"https:\/\/blogdoedvaldomagalhaes.com.br\/index.php\/wp-json\/wp\/v2\/tags?post=1730"}],"curies":[{"name":"wp","href":"https:\/\/api.w.org\/{rel}","templated":true}]}}