{"id":1729,"date":"2018-07-20T15:56:00","date_gmt":"2018-07-20T18:56:00","guid":{"rendered":"http:\/\/blogdoedvaldomagalhaes.com.br\/index.php\/2018\/07\/20\/confira-as-mudancas-nos-itinerarios-de\/"},"modified":"2019-02-09T02:25:24","modified_gmt":"2019-02-09T04:25:24","slug":"confira-as-mudancas-nos-itinerarios-de","status":"publish","type":"post","link":"https:\/\/blogdoedvaldomagalhaes.com.br\/index.php\/2018\/07\/20\/confira-as-mudancas-nos-itinerarios-de\/","title":{"rendered":"Confira as mudan\u00e7as nos itiner\u00e1rios de \u00f4nibus de Caruaru a partir de segunda-feira (23)"},"content":{"rendered":"<div class=\"separator\" style=\"clear: both; text-align: center;\">\n<a href=\"https:\/\/2.bp.blogspot.com\/-YeLUj02a8-k\/W1IF1zBs36I\/AAAAAAAA2x8\/foAXDwpX-GQRVynh2mpNcxz1FpTGDbXcQCLcBGAs\/s1600\/eu.jpg\" imageanchor=\"1\" style=\"margin-left: 1em; margin-right: 1em;\"><img loading=\"lazy\" decoding=\"async\" border=\"0\" data-original-height=\"576\" data-original-width=\"1024\" height=\"360\" src=\"http:\/\/blogdoedvaldomagalhaes.com.br\/wp-content\/uploads\/2018\/07\/eu.jpg\" width=\"640\" \/><\/a><\/div>\n<div style=\"background-color: white; box-sizing: border-box; line-height: 24px; margin-bottom: 10px; text-align: justify;\">\n<\/div>\n<div style=\"background-color: white; box-sizing: border-box; line-height: 24px; margin-bottom: 10px; text-align: justify;\">\nCom o novo sistema de transporte p\u00fablico de passageiros operando em Caruaru, alguns itiner\u00e1rios de determinadas linhas ser\u00e3o readequados a partir da pr\u00f3xima segunda-feira (23). De acordo com a Destra, as mudan\u00e7as visam garantir mais mobilidade na cidade, atingir maior \u00e1rea dos bairros e retirar linhas sobrepostas, a fim de atender um n\u00famero maior de usu\u00e1rios.<\/div>\n<div style=\"background-color: white; box-sizing: border-box; line-height: 24px; margin-bottom: 10px; text-align: justify;\">\nA Autarquia orienta os usu\u00e1rios a baixarem o aplicativo Cittamobi para que possam acompanhar em tempo real quando o \u00f4nibus ir\u00e1 chegar ao ponto, conferir novos itiner\u00e1rios e outros destinos.<\/div>\n<h3 style=\"background-color: white; box-sizing: border-box; line-height: 1.1; margin: 0px 0px 15px; text-align: justify;\">\n<strong style=\"box-sizing: border-box;\">Confira as mudan\u00e7as<\/strong><\/h3>\n<ul style=\"background-color: white; box-sizing: border-box; margin-bottom: 10px; margin-top: 0px;\">\n<li style=\"box-sizing: border-box; text-align: justify;\"><strong style=\"box-sizing: border-box;\">Linha Boa Vista I\/II:<\/strong>As linhas Boa Vista I e Boa Vista II passam a ser uma \u00fanica linha, denominada Boa Vista I\/II. Com a altera\u00e7\u00e3o a linha ir\u00e1 circular nos dois bairros, operando nas ruas Bel\u00e9m de S\u00e3o Francisco, S\u00e3o Vicente F\u00e9rrer, Santa Maria da Boa Vista e Macaparana, seguindo para o centro. A linha passa a ter um \u00fanico servi\u00e7o e ir\u00e1 operar com um intervalo m\u00e9dio de 12 minutos.<\/li>\n<\/ul>\n<ul style=\"background-color: white; box-sizing: border-box; margin-bottom: 10px; margin-top: 0px;\">\n<li style=\"box-sizing: border-box; text-align: justify;\"><strong style=\"box-sizing: border-box;\">Linha Jo\u00e3o Mota:<\/strong>Essa linha passa a atender tamb\u00e9m a Vila Kenedy, nas ruas S\u00e3o Nicolau, Manoel Leopoldino, Manoel Bezerra da Silva, Marieta Lyra de Azevedo, Santo Amaro, Ilh\u00e9us, Ribeir\u00e3o, Guaratinguet\u00e1 e S\u00e3o Nicolau.<\/li>\n<\/ul>\n<div style=\"background-color: white; box-sizing: border-box; line-height: 24px; margin-bottom: 10px; text-align: justify;\">\nAs ruas Santa Clara e Francisco Vieira de Assis, no entorno da Escola Municipal Dr Amaro de Lira e C\u00e9sar (CAIC)&nbsp; ter\u00e3o acesso ao transporte p\u00fablico na rua Macaparana, por meio da linha Boa Vista I\/II ou na rua S\u00e3o Nicolau, atrav\u00e9s da linha Jo\u00e3o Mota.<\/div>\n<ul style=\"background-color: white; box-sizing: border-box; margin-bottom: 10px; margin-top: 0px;\">\n<li style=\"box-sizing: border-box; text-align: justify;\"><strong style=\"box-sizing: border-box;\">Linha Jardim Panorama:<\/strong>A linha tamb\u00e9m ir\u00e1 circular no bairro Santa Clara, passando pela rua Maria Dinar, avenida Francisco Joaquim, rua Mossor\u00f3 at\u00e9 a avenida Rui Barbosa, no sentido cidade\/sub\u00farbio, n\u00e3o retornando mais a Ciretran. Nesse mesmo sentido a linha segue pela avenida da Integra\u00e7\u00e3o e entra na rua Jornalista Marc\u00edlio Fernandes para chegar \u00e0 rua Jo\u00e3o Soares de Lira e seguir para o bairro.<\/li>\n<\/ul>\n<div style=\"background-color: white; box-sizing: border-box; line-height: 24px; margin-bottom: 10px; text-align: justify;\">\nO atendimento em hor\u00e1rios de pico ao col\u00e9gio Municipal \u00c1lvaro Lins passa a ser realizado no seguinte percurso: ruas Ana Rosa, Bogot\u00e1, Gon\u00e7alo Coelho e avenida Rep\u00fablica, tanto na ida, como na volta. Ser\u00e1 disponibilizado um ve\u00edculo dos tr\u00eas programados para a linha.<\/div>\n<div style=\"background-color: white; box-sizing: border-box; line-height: 24px; margin-bottom: 10px; text-align: justify;\">\n<\/div>\n","protected":false},"excerpt":{"rendered":"<p>Com o novo sistema de transporte p\u00fablico de passageiros operando em Caruaru, alguns itiner\u00e1rios de determinadas linhas ser\u00e3o readequados a&hellip;<\/p>\n","protected":false},"author":1,"featured_media":0,"comment_status":"open","ping_status":"open","sticky":false,"template":"","format":"standard","meta":{"footnotes":""},"categories":[1],"tags":[2,1749,6],"class_list":["post-1729","post","type-post","status-publish","format-standard","hentry","category-sem-categoria","tag-blog-do-edvaldo-magalhaes","tag-confira-as-mudancas-nos-itinerarios-de-onibus-de-caruaru-a-partir-de-segunda-feira-23","tag-noticias"],"_links":{"self":[{"href":"https:\/\/blogdoedvaldomagalhaes.com.br\/index.php\/wp-json\/wp\/v2\/posts\/1729","targetHints":{"allow":["GET"]}}],"collection":[{"href":"https:\/\/blogdoedvaldomagalhaes.com.br\/index.php\/wp-json\/wp\/v2\/posts"}],"about":[{"href":"https:\/\/blogdoedvaldomagalhaes.com.br\/index.php\/wp-json\/wp\/v2\/types\/post"}],"author":[{"embeddable":true,"href":"https:\/\/blogdoedvaldomagalhaes.com.br\/index.php\/wp-json\/wp\/v2\/users\/1"}],"replies":[{"embeddable":true,"href":"https:\/\/blogdoedvaldomagalhaes.com.br\/index.php\/wp-json\/wp\/v2\/comments?post=1729"}],"version-history":[{"count":1,"href":"https:\/\/blogdoedvaldomagalhaes.com.br\/index.php\/wp-json\/wp\/v2\/posts\/1729\/revisions"}],"predecessor-version":[{"id":32909,"href":"https:\/\/blogdoedvaldomagalhaes.com.br\/index.php\/wp-json\/wp\/v2\/posts\/1729\/revisions\/32909"}],"wp:attachment":[{"href":"https:\/\/blogdoedvaldomagalhaes.com.br\/index.php\/wp-json\/wp\/v2\/media?parent=1729"}],"wp:term":[{"taxonomy":"category","embeddable":true,"href":"https:\/\/blogdoedvaldomagalhaes.com.br\/index.php\/wp-json\/wp\/v2\/categories?post=1729"},{"taxonomy":"post_tag","embeddable":true,"href":"https:\/\/blogdoedvaldomagalhaes.com.br\/index.php\/wp-json\/wp\/v2\/tags?post=1729"}],"curies":[{"name":"wp","href":"https:\/\/api.w.org\/{rel}","templated":true}]}}