{"id":1727,"date":"2018-07-20T22:22:00","date_gmt":"2018-07-21T01:22:00","guid":{"rendered":"http:\/\/blogdoedvaldomagalhaes.com.br\/index.php\/2018\/07\/20\/acusado-de-abusar-sexualmente-de-varias\/"},"modified":"2019-02-09T02:25:26","modified_gmt":"2019-02-09T04:25:26","slug":"acusado-de-abusar-sexualmente-de-varias","status":"publish","type":"post","link":"https:\/\/blogdoedvaldomagalhaes.com.br\/index.php\/2018\/07\/20\/acusado-de-abusar-sexualmente-de-varias\/","title":{"rendered":"Acusado de abusar sexualmente de v\u00e1rias crian\u00e7as \u00e9 preso em Serra Talhada"},"content":{"rendered":"<div class=\"separator\" style=\"clear: both; text-align: center;\">\n<a href=\"https:\/\/2.bp.blogspot.com\/-HJHV3oWwLss\/W1JghU7v33I\/AAAAAAAA2yk\/wOjNcCaBdVc7G7T5Wt14DOuzv3zpL8fFwCLcBGAs\/s1600\/prf.jpg\" imageanchor=\"1\" style=\"margin-left: 1em; margin-right: 1em;\"><img loading=\"lazy\" decoding=\"async\" border=\"0\" data-original-height=\"535\" data-original-width=\"800\" height=\"428\" src=\"http:\/\/blogdoedvaldomagalhaes.com.br\/wp-content\/uploads\/2018\/07\/prf-1.jpg\" width=\"640\" \/><\/a><\/div>\n<div class=\"separator\" style=\"clear: both; text-align: center;\">\nFoto: Pol\u00edcia Civil\/Divulga\u00e7\u00e3o<\/div>\n<p><\/p>\n<div style=\"background-color: white; box-sizing: border-box; line-height: 24px; margin-bottom: 10px; text-align: justify;\">\nA equipe da Delegacia de Serra Talhada, chefiada pelo delgado Cley Anderson Rodrigues, prendeu um homem de 49 anos, suspeito de abusar sexualmente da sobrinha de 12 anos de idade, quando ela passava f\u00e9rias na cidade. Segundo a pol\u00edcia, o tio amea\u00e7ava a crian\u00e7a de morte, caso ela contasse o que aconteceu para algu\u00e9m. A menina chegou a tentar suic\u00eddio, cortando os pulsos, devido ao trauma sofrido.&nbsp;<\/p>\n<div class=\"separator\" style=\"clear: both; text-align: center;\">\n<a href=\"https:\/\/1.bp.blogspot.com\/-eM78jP1l4l4\/W1Jpm-z1G9I\/AAAAAAAA2yw\/835wvyJtzBwSpgL4J5Ggoh9w3FI6FD7ngCLcBGAs\/s1600\/IMG-20180720-WA0201.jpg\" imageanchor=\"1\" style=\"margin-left: 1em; margin-right: 1em;\"><img loading=\"lazy\" decoding=\"async\" border=\"0\" data-original-height=\"535\" data-original-width=\"800\" height=\"428\" src=\"http:\/\/blogdoedvaldomagalhaes.com.br\/wp-content\/uploads\/2018\/07\/IMG-20180720-WA0201.jpg\" width=\"640\" \/><\/a><\/div>\n<p><\/div>\n<div style=\"background-color: white; box-sizing: border-box; line-height: 24px; margin-bottom: 10px; text-align: justify;\">\nDurante as investiga\u00e7\u00f5es foi constatado que mais de 10 crian\u00e7as, todas vizinhas do abusador, haviam sido v\u00edtimas. O suspeito foi preso preventivamente em casa, no bairro de Bom Jesus, e recolhido ao Pres\u00eddio de Salgueiro.<\/p>\n<p>Veja o v\u00eddeo abaixo:<\/p>\n<div class=\"separator\" style=\"clear: both; text-align: center;\">\n<\/div>\n<p><\/div>\n","protected":false},"excerpt":{"rendered":"<p>Foto: Pol\u00edcia Civil\/Divulga\u00e7\u00e3o A equipe da Delegacia de Serra Talhada, chefiada pelo delgado Cley Anderson Rodrigues, prendeu um homem de&hellip;<\/p>\n","protected":false},"author":1,"featured_media":0,"comment_status":"open","ping_status":"open","sticky":false,"template":"","format":"standard","meta":{"footnotes":""},"categories":[1],"tags":[1747,2,13],"class_list":["post-1727","post","type-post","status-publish","format-standard","hentry","category-sem-categoria","tag-acusado-de-abusar-sexualmente-de-varias-criancas-e-preso-em-serra-talhada","tag-blog-do-edvaldo-magalhaes","tag-policial"],"_links":{"self":[{"href":"https:\/\/blogdoedvaldomagalhaes.com.br\/index.php\/wp-json\/wp\/v2\/posts\/1727","targetHints":{"allow":["GET"]}}],"collection":[{"href":"https:\/\/blogdoedvaldomagalhaes.com.br\/index.php\/wp-json\/wp\/v2\/posts"}],"about":[{"href":"https:\/\/blogdoedvaldomagalhaes.com.br\/index.php\/wp-json\/wp\/v2\/types\/post"}],"author":[{"embeddable":true,"href":"https:\/\/blogdoedvaldomagalhaes.com.br\/index.php\/wp-json\/wp\/v2\/users\/1"}],"replies":[{"embeddable":true,"href":"https:\/\/blogdoedvaldomagalhaes.com.br\/index.php\/wp-json\/wp\/v2\/comments?post=1727"}],"version-history":[{"count":1,"href":"https:\/\/blogdoedvaldomagalhaes.com.br\/index.php\/wp-json\/wp\/v2\/posts\/1727\/revisions"}],"predecessor-version":[{"id":32914,"href":"https:\/\/blogdoedvaldomagalhaes.com.br\/index.php\/wp-json\/wp\/v2\/posts\/1727\/revisions\/32914"}],"wp:attachment":[{"href":"https:\/\/blogdoedvaldomagalhaes.com.br\/index.php\/wp-json\/wp\/v2\/media?parent=1727"}],"wp:term":[{"taxonomy":"category","embeddable":true,"href":"https:\/\/blogdoedvaldomagalhaes.com.br\/index.php\/wp-json\/wp\/v2\/categories?post=1727"},{"taxonomy":"post_tag","embeddable":true,"href":"https:\/\/blogdoedvaldomagalhaes.com.br\/index.php\/wp-json\/wp\/v2\/tags?post=1727"}],"curies":[{"name":"wp","href":"https:\/\/api.w.org\/{rel}","templated":true}]}}