{"id":1726,"date":"2018-07-21T12:27:00","date_gmt":"2018-07-21T15:27:00","guid":{"rendered":"http:\/\/blogdoedvaldomagalhaes.com.br\/index.php\/2018\/07\/21\/ator-adelio-lima-vai-ministrar-oficina\/"},"modified":"2019-02-09T02:25:26","modified_gmt":"2019-02-09T04:25:26","slug":"ator-adelio-lima-vai-ministrar-oficina","status":"publish","type":"post","link":"https:\/\/blogdoedvaldomagalhaes.com.br\/index.php\/2018\/07\/21\/ator-adelio-lima-vai-ministrar-oficina\/","title":{"rendered":"Ator Ad\u00e9lio Lima vai ministrar Oficina de interpreta\u00e7\u00e3o no Shopping Difusora"},"content":{"rendered":"<div class=\"separator\" style=\"clear: both; text-align: center;\">\n<a href=\"https:\/\/1.bp.blogspot.com\/-nfs70zD0Dd0\/W1MmTFz_ieI\/AAAAAAAA2zM\/XZCohm_Yxq0yvHvsfgMqb8XGeXpAExt-ACLcBGAs\/s1600\/ator.jpeg\" imageanchor=\"1\" style=\"margin-left: 1em; margin-right: 1em;\"><img loading=\"lazy\" decoding=\"async\" border=\"0\" data-original-height=\"345\" data-original-width=\"345\" height=\"640\" src=\"http:\/\/blogdoedvaldomagalhaes.com.br\/wp-content\/uploads\/2018\/07\/ator.jpeg\" width=\"640\" \/><\/a><\/div>\n<div class=\"separator\" style=\"clear: both; text-align: center;\">\n<\/div>\n<div>\n<strong style=\"background: transparent; border: 0px; margin: 0px; outline: 0px; padding: 0px; vertical-align: top;\"><em style=\"background: transparent; border: 0px; margin: 0px; outline: 0px; padding: 0px; vertical-align: top;\"><\/p>\n<div style=\"background: rgb(255, 255, 255); border: 0px; font-style: normal; font-weight: 400; line-height: 21px; margin-bottom: 15px; outline: 0px; padding: 0px; text-align: justify; vertical-align: top;\">\nO ator Ad\u00e9lio Lima, vai ministrar uma Oficina de Interpreta\u00e7\u00e3o no Shopping Difusora, no dia 30 de julho. Ele participou de duas novelas e uma miniss\u00e9rie da Rede Globo, al\u00e9m de filmes nacionais. O ator ficou conhecido nacionalmente, ap\u00f3s interpretar Luiz Gonzaga, O Rei do Bai\u00e3o nos cinemas, em 2012.<\/div>\n<div class=\"article-foot\" style=\"background: rgb(255, 255, 255); border-bottom-color: initial; border-bottom-style: initial; border-image: initial; border-left-color: initial; border-left-style: initial; border-right-color: initial; border-right-style: initial; border-top-color: rgb(170, 170, 170); border-top-style: dotted; border-width: 1px 0px 0px; color: #aaaaaa; font-family: &quot;Open Sans&quot;, sans-serif; font-size: 13px; font-style: normal; font-weight: 400; margin: 20px 0px 0px; outline: 0px; padding: 20px 0px 10px; text-align: justify; text-transform: uppercase; vertical-align: top;\">\n<div class=\"left\" style=\"background: transparent; border: 0px; float: left; line-height: 19.5px; margin: 0px; max-width: 45%; outline: 0px; padding: 0px; vertical-align: top;\">\n<\/div>\n<\/div>\n<p><\/em><\/strong><\/div>\n","protected":false},"excerpt":{"rendered":"<p>O ator Ad\u00e9lio Lima, vai ministrar uma Oficina de Interpreta\u00e7\u00e3o no Shopping Difusora, no dia 30 de julho. Ele participou&hellip;<\/p>\n","protected":false},"author":1,"featured_media":0,"comment_status":"open","ping_status":"open","sticky":false,"template":"","format":"standard","meta":{"footnotes":""},"categories":[1],"tags":[1746,2,6],"class_list":["post-1726","post","type-post","status-publish","format-standard","hentry","category-sem-categoria","tag-ator-adelio-lima-vai-ministrar-oficina-de-interpretacao-no-shopping-difusora","tag-blog-do-edvaldo-magalhaes","tag-noticias"],"_links":{"self":[{"href":"https:\/\/blogdoedvaldomagalhaes.com.br\/index.php\/wp-json\/wp\/v2\/posts\/1726","targetHints":{"allow":["GET"]}}],"collection":[{"href":"https:\/\/blogdoedvaldomagalhaes.com.br\/index.php\/wp-json\/wp\/v2\/posts"}],"about":[{"href":"https:\/\/blogdoedvaldomagalhaes.com.br\/index.php\/wp-json\/wp\/v2\/types\/post"}],"author":[{"embeddable":true,"href":"https:\/\/blogdoedvaldomagalhaes.com.br\/index.php\/wp-json\/wp\/v2\/users\/1"}],"replies":[{"embeddable":true,"href":"https:\/\/blogdoedvaldomagalhaes.com.br\/index.php\/wp-json\/wp\/v2\/comments?post=1726"}],"version-history":[{"count":1,"href":"https:\/\/blogdoedvaldomagalhaes.com.br\/index.php\/wp-json\/wp\/v2\/posts\/1726\/revisions"}],"predecessor-version":[{"id":32916,"href":"https:\/\/blogdoedvaldomagalhaes.com.br\/index.php\/wp-json\/wp\/v2\/posts\/1726\/revisions\/32916"}],"wp:attachment":[{"href":"https:\/\/blogdoedvaldomagalhaes.com.br\/index.php\/wp-json\/wp\/v2\/media?parent=1726"}],"wp:term":[{"taxonomy":"category","embeddable":true,"href":"https:\/\/blogdoedvaldomagalhaes.com.br\/index.php\/wp-json\/wp\/v2\/categories?post=1726"},{"taxonomy":"post_tag","embeddable":true,"href":"https:\/\/blogdoedvaldomagalhaes.com.br\/index.php\/wp-json\/wp\/v2\/tags?post=1726"}],"curies":[{"name":"wp","href":"https:\/\/api.w.org\/{rel}","templated":true}]}}