{"id":1725,"date":"2018-07-21T12:40:00","date_gmt":"2018-07-21T15:40:00","guid":{"rendered":"http:\/\/blogdoedvaldomagalhaes.com.br\/index.php\/2018\/07\/21\/abertas-inscricoes-para-aulao-solidario\/"},"modified":"2019-02-09T02:25:26","modified_gmt":"2019-02-09T04:25:26","slug":"abertas-inscricoes-para-aulao-solidario","status":"publish","type":"post","link":"https:\/\/blogdoedvaldomagalhaes.com.br\/index.php\/2018\/07\/21\/abertas-inscricoes-para-aulao-solidario\/","title":{"rendered":"Abertas inscri\u00e7\u00f5es para Aul\u00e3o Solid\u00e1rio que ser\u00e1 realizado em Caruaru"},"content":{"rendered":"<div class=\"separator\" style=\"clear: both; text-align: center;\">\n<a href=\"https:\/\/2.bp.blogspot.com\/-KB6cJSiCHng\/W1MnijdaqfI\/AAAAAAAA2zY\/5fe3hVIOwzIJTN79M3Qcd3YLcB0roe4TgCLcBGAs\/s1600\/aul%25C3%25A3o.jpg\" imageanchor=\"1\" style=\"margin-left: 1em; margin-right: 1em;\"><img loading=\"lazy\" decoding=\"async\" border=\"0\" data-original-height=\"512\" data-original-width=\"466\" height=\"640\" src=\"http:\/\/blogdoedvaldomagalhaes.com.br\/wp-content\/uploads\/2018\/07\/aulC3A3o.jpg\" width=\"582\" \/><\/a><\/div>\n<div style=\"background-color: white; text-align: justify;\">\n<\/div>\n<div style=\"background-color: white; text-align: justify;\">\nAul\u00e3o Solid\u00e1rio com professores de portugu\u00eas e matem\u00e1tica ser\u00e1 realizado no pr\u00f3ximo dia 04 de agosto, no Teatro Difusora, das 7h \u00e0s 14h. As inscri\u00e7\u00f5es podem ser feitas pelo link na bio do Instagram @aulaogeracaoz, e o aluno dever\u00e1 levar apenas&nbsp;1kg de alimento n\u00e3o perec\u00edvel para participar, que ser\u00e1 doado para a Casa dos Pobres S\u00e3o Francisco de Assis, em Caruaru.<\/div>\n<div style=\"background-color: white; text-align: justify;\">\n<\/div>\n<div style=\"background-color: white; text-align: justify;\">\nV\u00e1rias dicas e orienta\u00e7\u00f5es para o ENEM ser\u00e3o dadas, o Aul\u00e3o Gera\u00e7\u00e3o Z ter\u00e1 sorteio de brindes, entrega de kits, momentos motivacionais para os alunos de escolas p\u00fablicas ou privadas, de Caruaru ou cidades vizinhas.<\/div>\n","protected":false},"excerpt":{"rendered":"<p>Aul\u00e3o Solid\u00e1rio com professores de portugu\u00eas e matem\u00e1tica ser\u00e1 realizado no pr\u00f3ximo dia 04 de agosto, no Teatro Difusora, das&hellip;<\/p>\n","protected":false},"author":1,"featured_media":0,"comment_status":"open","ping_status":"open","sticky":false,"template":"","format":"standard","meta":{"footnotes":""},"categories":[1],"tags":[1745,2,6],"class_list":["post-1725","post","type-post","status-publish","format-standard","hentry","category-sem-categoria","tag-abertas-inscricoes-para-aulao-solidario-que-sera-realizado-em-caruaru","tag-blog-do-edvaldo-magalhaes","tag-noticias"],"_links":{"self":[{"href":"https:\/\/blogdoedvaldomagalhaes.com.br\/index.php\/wp-json\/wp\/v2\/posts\/1725","targetHints":{"allow":["GET"]}}],"collection":[{"href":"https:\/\/blogdoedvaldomagalhaes.com.br\/index.php\/wp-json\/wp\/v2\/posts"}],"about":[{"href":"https:\/\/blogdoedvaldomagalhaes.com.br\/index.php\/wp-json\/wp\/v2\/types\/post"}],"author":[{"embeddable":true,"href":"https:\/\/blogdoedvaldomagalhaes.com.br\/index.php\/wp-json\/wp\/v2\/users\/1"}],"replies":[{"embeddable":true,"href":"https:\/\/blogdoedvaldomagalhaes.com.br\/index.php\/wp-json\/wp\/v2\/comments?post=1725"}],"version-history":[{"count":1,"href":"https:\/\/blogdoedvaldomagalhaes.com.br\/index.php\/wp-json\/wp\/v2\/posts\/1725\/revisions"}],"predecessor-version":[{"id":32918,"href":"https:\/\/blogdoedvaldomagalhaes.com.br\/index.php\/wp-json\/wp\/v2\/posts\/1725\/revisions\/32918"}],"wp:attachment":[{"href":"https:\/\/blogdoedvaldomagalhaes.com.br\/index.php\/wp-json\/wp\/v2\/media?parent=1725"}],"wp:term":[{"taxonomy":"category","embeddable":true,"href":"https:\/\/blogdoedvaldomagalhaes.com.br\/index.php\/wp-json\/wp\/v2\/categories?post=1725"},{"taxonomy":"post_tag","embeddable":true,"href":"https:\/\/blogdoedvaldomagalhaes.com.br\/index.php\/wp-json\/wp\/v2\/tags?post=1725"}],"curies":[{"name":"wp","href":"https:\/\/api.w.org\/{rel}","templated":true}]}}