{"id":1724,"date":"2018-07-21T12:43:00","date_gmt":"2018-07-21T15:43:00","guid":{"rendered":"http:\/\/blogdoedvaldomagalhaes.com.br\/index.php\/2018\/07\/21\/confira-programacao-da-festa-do\/"},"modified":"2019-02-09T02:25:27","modified_gmt":"2019-02-09T04:25:27","slug":"confira-programacao-da-festa-do","status":"publish","type":"post","link":"https:\/\/blogdoedvaldomagalhaes.com.br\/index.php\/2018\/07\/21\/confira-programacao-da-festa-do\/","title":{"rendered":"Confira a programa\u00e7\u00e3o da Festa do Padroeiro de S\u00e3o Caitano"},"content":{"rendered":"<div class=\"separator\" style=\"clear: both; text-align: center;\">\n<a href=\"https:\/\/3.bp.blogspot.com\/-RYmVVCxieSw\/W1MqBNTh1iI\/AAAAAAAA2zk\/xFqhdPbnSBg6_flLMeto-7zdoxTFAjsFQCLcBGAs\/s1600\/festa.jpg\" imageanchor=\"1\" style=\"margin-left: 1em; margin-right: 1em;\"><img loading=\"lazy\" decoding=\"async\" border=\"0\" data-original-height=\"272\" data-original-width=\"512\" height=\"340\" src=\"http:\/\/blogdoedvaldomagalhaes.com.br\/wp-content\/uploads\/2018\/07\/festa-2.jpg\" width=\"640\" \/><\/a><\/div>\n<p><\/p>\n<div class=\"post-body entry-content\" id=\"post-body-1540648892481365766\" itemprop=\"description articleBody\" style=\"background-color: white; line-height: 1.4; position: relative; width: 620px;\">\n<div style=\"text-align: justify;\">\nA Festa de S\u00e3o Caetano, comemora 181 anos e ser\u00e1 realizada de 28 de julho at\u00e9 07 de agosto (feriado local). Neste dia haver\u00e1 prociss\u00e3o, Missa e show cat\u00f3lico com o Padre Cassiano Meireles, da Can\u00e7\u00e3o Nova.<\/p>\n<p>\nCONFIRA A PROGRAMA\u00c7\u00c3O:<\/div>\n<div style=\"text-align: justify;\">\nDia 5 &#8211; Domingo<\/div>\n<div style=\"text-align: justify;\">\n15h &#8211; Bloco da ressaca com Trio e Banda Asas da Am\u00e9rica, descendo a Av. Pedro Almeida em dire\u00e7\u00e3o ao Bairro Cabug\u00e1.<\/div>\n<div style=\"text-align: justify;\">\n<\/div>\n<div style=\"text-align: justify;\">\nPalco principal:&nbsp;<\/div>\n<div style=\"text-align: justify;\">\n21h &#8211; Benil<\/div>\n<div style=\"text-align: justify;\">\n00h &#8211; Musa<\/div>\n<div style=\"text-align: justify;\">\n<\/div>\n<div style=\"text-align: justify;\">\nDia 6 &#8211; Segunda-feira<\/div>\n<div style=\"text-align: justify;\">\nPalco principal:<\/div>\n<div style=\"text-align: justify;\">\n21h &#8211; Forr\u00f3 de Verdade<\/div>\n<div style=\"text-align: justify;\">\n00h &#8211; Cavaleiros do Forr\u00f3<\/div>\n<div style=\"text-align: justify;\">\n<\/div>\n<div style=\"text-align: justify;\">\nDia 7 &#8211; Ter\u00e7a-feira<\/div>\n<div style=\"text-align: justify;\">\n18:30 &#8211; Show cat\u00f3lico com Cassiano Meireles, em frente \u00e0 Igreja Matriz.<\/div>\n<div style=\"text-align: justify;\">\n<\/div>\n<div style=\"text-align: justify;\">\nPalco principal:<\/div>\n<div style=\"text-align: justify;\">\n21h &#8211; Pedrinho Pega\u00e7\u00e3o&nbsp;<\/div>\n<div style=\"text-align: justify;\">\n00h &#8211; Arreio de ouro<\/div>\n<div style=\"clear: both;\">\n<\/div>\n<\/div>\n<div class=\"post-footer\" style=\"background-color: white; border-bottom: 1px solid rgb(68, 68, 68); line-height: 1.6; margin: 20px -2px 0px; padding: 5px 10px; text-align: justify;\">\n<\/div>\n","protected":false},"excerpt":{"rendered":"<p>A Festa de S\u00e3o Caetano, comemora 181 anos e ser\u00e1 realizada de 28 de julho at\u00e9 07 de agosto (feriado&hellip;<\/p>\n","protected":false},"author":1,"featured_media":0,"comment_status":"open","ping_status":"open","sticky":false,"template":"","format":"standard","meta":{"footnotes":""},"categories":[1],"tags":[2,1744,6],"class_list":["post-1724","post","type-post","status-publish","format-standard","hentry","category-sem-categoria","tag-blog-do-edvaldo-magalhaes","tag-confira-a-programacao-da-festa-do-padroeiro-de-sao-caitano","tag-noticias"],"_links":{"self":[{"href":"https:\/\/blogdoedvaldomagalhaes.com.br\/index.php\/wp-json\/wp\/v2\/posts\/1724","targetHints":{"allow":["GET"]}}],"collection":[{"href":"https:\/\/blogdoedvaldomagalhaes.com.br\/index.php\/wp-json\/wp\/v2\/posts"}],"about":[{"href":"https:\/\/blogdoedvaldomagalhaes.com.br\/index.php\/wp-json\/wp\/v2\/types\/post"}],"author":[{"embeddable":true,"href":"https:\/\/blogdoedvaldomagalhaes.com.br\/index.php\/wp-json\/wp\/v2\/users\/1"}],"replies":[{"embeddable":true,"href":"https:\/\/blogdoedvaldomagalhaes.com.br\/index.php\/wp-json\/wp\/v2\/comments?post=1724"}],"version-history":[{"count":1,"href":"https:\/\/blogdoedvaldomagalhaes.com.br\/index.php\/wp-json\/wp\/v2\/posts\/1724\/revisions"}],"predecessor-version":[{"id":32920,"href":"https:\/\/blogdoedvaldomagalhaes.com.br\/index.php\/wp-json\/wp\/v2\/posts\/1724\/revisions\/32920"}],"wp:attachment":[{"href":"https:\/\/blogdoedvaldomagalhaes.com.br\/index.php\/wp-json\/wp\/v2\/media?parent=1724"}],"wp:term":[{"taxonomy":"category","embeddable":true,"href":"https:\/\/blogdoedvaldomagalhaes.com.br\/index.php\/wp-json\/wp\/v2\/categories?post=1724"},{"taxonomy":"post_tag","embeddable":true,"href":"https:\/\/blogdoedvaldomagalhaes.com.br\/index.php\/wp-json\/wp\/v2\/tags?post=1724"}],"curies":[{"name":"wp","href":"https:\/\/api.w.org\/{rel}","templated":true}]}}