{"id":1723,"date":"2018-07-21T13:01:00","date_gmt":"2018-07-21T16:01:00","guid":{"rendered":"http:\/\/blogdoedvaldomagalhaes.com.br\/index.php\/2018\/07\/21\/maior-munguza-do-sertao-recordando-o\/"},"modified":"2019-02-09T02:25:27","modified_gmt":"2019-02-09T04:25:27","slug":"maior-munguza-do-sertao-recordando-o","status":"publish","type":"post","link":"https:\/\/blogdoedvaldomagalhaes.com.br\/index.php\/2018\/07\/21\/maior-munguza-do-sertao-recordando-o\/","title":{"rendered":"Maior Munguz\u00e1 do Sert\u00e3o &#8211; Recordando o S\u00e3o Jo\u00e3o em Caruaru, neste s\u00e1bado (21)"},"content":{"rendered":"<div class=\"separator\" style=\"clear: both; text-align: center;\">\n<a href=\"https:\/\/1.bp.blogspot.com\/-RKCk4foCv3w\/W1MuMuS6g_I\/AAAAAAAA2zw\/UtAnkAbAcio1tZlxFOcvmMXGF7PIwIs1QCLcBGAs\/s1600\/munguz%25C3%25A1.jpg\" imageanchor=\"1\" style=\"margin-left: 1em; margin-right: 1em;\"><img loading=\"lazy\" decoding=\"async\" border=\"0\" data-original-height=\"316\" data-original-width=\"852\" height=\"236\" src=\"http:\/\/blogdoedvaldomagalhaes.com.br\/wp-content\/uploads\/2018\/07\/munguzC3A1.jpg\" width=\"640\" \/><\/a><\/div>\n<p><\/p>\n<div style=\"text-align: justify;\">\n<b>Texto do Blog da Jaciara Fernandes<\/b><\/div>\n<div style=\"text-align: justify;\">\n<\/div>\n<div style=\"text-align: justify;\">\nEngana-se quem pensa que o forr\u00f3 acabou em Caruaru com o encerramento oficial do S\u00e3o Jo\u00e3o 2018. Neste s\u00e1bado (21), ser\u00e1 realizada a nona edi\u00e7\u00e3o do Maior Mungunz\u00e1 do Sert\u00e3o, que este ano presta homenagem ao radialista Edvaldo Magalh\u00e3es, que atua como rep\u00f3rter na R\u00e1dio Liberdade e tem um blog que leva o seu nome, de bastante prest\u00edgio na regi\u00e3o. A festa come\u00e7a \u00e0s 19h, na Rua 63, Bairro Rendeiras, sob a coordena\u00e7\u00e3o de Alexandre Pirulito.<\/div>\n<div style=\"text-align: justify;\">\n<\/div>\n<div class=\"separator\" style=\"clear: both; text-align: center;\">\n<a href=\"https:\/\/4.bp.blogspot.com\/-M5n1mX1eK54\/W1MuOfgumPI\/AAAAAAAA2z0\/6iunuzW6Xl4Df7UbkRWPdl73FBmSVv40ACLcBGAs\/s1600\/maior.jpg\" imageanchor=\"1\" style=\"margin-left: 1em; margin-right: 1em;\"><img loading=\"lazy\" decoding=\"async\" border=\"0\" data-original-height=\"960\" data-original-width=\"678\" height=\"640\" src=\"http:\/\/blogdoedvaldomagalhaes.com.br\/wp-content\/uploads\/2018\/07\/maior.jpg\" width=\"452\" \/><\/a><\/div>\n<p><\/p>\n","protected":false},"excerpt":{"rendered":"<p>Texto do Blog da Jaciara Fernandes Engana-se quem pensa que o forr\u00f3 acabou em Caruaru com o encerramento oficial do&hellip;<\/p>\n","protected":false},"author":1,"featured_media":0,"comment_status":"open","ping_status":"open","sticky":false,"template":"","format":"standard","meta":{"footnotes":""},"categories":[1],"tags":[2,1742,1743,6],"class_list":["post-1723","post","type-post","status-publish","format-standard","hentry","category-sem-categoria","tag-blog-do-edvaldo-magalhaes","tag-maior-munguza-do-sertao-recordando-o-sao-joao-em-caruaru","tag-neste-sabado-21","tag-noticias"],"_links":{"self":[{"href":"https:\/\/blogdoedvaldomagalhaes.com.br\/index.php\/wp-json\/wp\/v2\/posts\/1723","targetHints":{"allow":["GET"]}}],"collection":[{"href":"https:\/\/blogdoedvaldomagalhaes.com.br\/index.php\/wp-json\/wp\/v2\/posts"}],"about":[{"href":"https:\/\/blogdoedvaldomagalhaes.com.br\/index.php\/wp-json\/wp\/v2\/types\/post"}],"author":[{"embeddable":true,"href":"https:\/\/blogdoedvaldomagalhaes.com.br\/index.php\/wp-json\/wp\/v2\/users\/1"}],"replies":[{"embeddable":true,"href":"https:\/\/blogdoedvaldomagalhaes.com.br\/index.php\/wp-json\/wp\/v2\/comments?post=1723"}],"version-history":[{"count":1,"href":"https:\/\/blogdoedvaldomagalhaes.com.br\/index.php\/wp-json\/wp\/v2\/posts\/1723\/revisions"}],"predecessor-version":[{"id":32923,"href":"https:\/\/blogdoedvaldomagalhaes.com.br\/index.php\/wp-json\/wp\/v2\/posts\/1723\/revisions\/32923"}],"wp:attachment":[{"href":"https:\/\/blogdoedvaldomagalhaes.com.br\/index.php\/wp-json\/wp\/v2\/media?parent=1723"}],"wp:term":[{"taxonomy":"category","embeddable":true,"href":"https:\/\/blogdoedvaldomagalhaes.com.br\/index.php\/wp-json\/wp\/v2\/categories?post=1723"},{"taxonomy":"post_tag","embeddable":true,"href":"https:\/\/blogdoedvaldomagalhaes.com.br\/index.php\/wp-json\/wp\/v2\/tags?post=1723"}],"curies":[{"name":"wp","href":"https:\/\/api.w.org\/{rel}","templated":true}]}}