{"id":1721,"date":"2018-07-22T10:02:00","date_gmt":"2018-07-22T13:02:00","guid":{"rendered":"http:\/\/blogdoedvaldomagalhaes.com.br\/index.php\/2018\/07\/22\/projeto-adote-um-amigo-volta-ser\/"},"modified":"2019-02-09T02:25:29","modified_gmt":"2019-02-09T04:25:29","slug":"projeto-adote-um-amigo-volta-ser","status":"publish","type":"post","link":"https:\/\/blogdoedvaldomagalhaes.com.br\/index.php\/2018\/07\/22\/projeto-adote-um-amigo-volta-ser\/","title":{"rendered":"Projeto \u201cAdote um Amigo\u201d volta a ser realizado neste domingo em Caruaru"},"content":{"rendered":"<div class=\"separator\" style=\"clear: both; text-align: center;\">\n<a href=\"https:\/\/4.bp.blogspot.com\/-mJVWjCtTHE0\/W1RWKoNJ04I\/AAAAAAAA24U\/azn3P75APPYruQik0PChVYuKJRK7ktfRQCLcBGAs\/s1600\/gato.jpg\" imageanchor=\"1\" style=\"margin-left: 1em; margin-right: 1em;\"><img loading=\"lazy\" decoding=\"async\" border=\"0\" data-original-height=\"225\" data-original-width=\"300\" height=\"480\" src=\"http:\/\/blogdoedvaldomagalhaes.com.br\/wp-content\/uploads\/2018\/07\/gato.jpg\" width=\"640\" \/><\/a><\/div>\n<div style=\"background-color: white; box-sizing: border-box; line-height: 24px; margin-bottom: 10px; text-align: justify;\">\n<\/div>\n<div style=\"background-color: white; box-sizing: border-box; line-height: 24px; margin-bottom: 10px; text-align: justify;\">\nSer\u00e1 realizado neste domingo (22), no Caruaru Shopping, mais uma edi\u00e7\u00e3o do projeto \u201cAdote um Amigo\u201d. O evento acontece no 3\u00ba piso do edif\u00edcio garagem, das 11h \u00e0s 17h.<\/div>\n<div style=\"background-color: white; box-sizing: border-box; line-height: 24px; margin-bottom: 10px; text-align: justify;\">\nEstar\u00e3o dispon\u00edveis c\u00e3es e gatos, sendo adultos e filhotes. Para que o processo de ado\u00e7\u00e3o seja firmado, \u00e9 necess\u00e1rio que o interessado apresente um documento com foto e comprovante de resid\u00eancia. Ao fim, um cadastro ser\u00e1 feito e o pet poder\u00e1 ser levado para casa.<\/div>\n","protected":false},"excerpt":{"rendered":"<p>Ser\u00e1 realizado neste domingo (22), no Caruaru Shopping, mais uma edi\u00e7\u00e3o do projeto \u201cAdote um Amigo\u201d. O evento acontece no&hellip;<\/p>\n","protected":false},"author":1,"featured_media":0,"comment_status":"open","ping_status":"open","sticky":false,"template":"","format":"standard","meta":{"footnotes":""},"categories":[1],"tags":[2,6,1740],"class_list":["post-1721","post","type-post","status-publish","format-standard","hentry","category-sem-categoria","tag-blog-do-edvaldo-magalhaes","tag-noticias","tag-projeto-adote-um-amigo-volta-a-ser-realizado-neste-domingo-em-caruaru"],"_links":{"self":[{"href":"https:\/\/blogdoedvaldomagalhaes.com.br\/index.php\/wp-json\/wp\/v2\/posts\/1721","targetHints":{"allow":["GET"]}}],"collection":[{"href":"https:\/\/blogdoedvaldomagalhaes.com.br\/index.php\/wp-json\/wp\/v2\/posts"}],"about":[{"href":"https:\/\/blogdoedvaldomagalhaes.com.br\/index.php\/wp-json\/wp\/v2\/types\/post"}],"author":[{"embeddable":true,"href":"https:\/\/blogdoedvaldomagalhaes.com.br\/index.php\/wp-json\/wp\/v2\/users\/1"}],"replies":[{"embeddable":true,"href":"https:\/\/blogdoedvaldomagalhaes.com.br\/index.php\/wp-json\/wp\/v2\/comments?post=1721"}],"version-history":[{"count":1,"href":"https:\/\/blogdoedvaldomagalhaes.com.br\/index.php\/wp-json\/wp\/v2\/posts\/1721\/revisions"}],"predecessor-version":[{"id":32931,"href":"https:\/\/blogdoedvaldomagalhaes.com.br\/index.php\/wp-json\/wp\/v2\/posts\/1721\/revisions\/32931"}],"wp:attachment":[{"href":"https:\/\/blogdoedvaldomagalhaes.com.br\/index.php\/wp-json\/wp\/v2\/media?parent=1721"}],"wp:term":[{"taxonomy":"category","embeddable":true,"href":"https:\/\/blogdoedvaldomagalhaes.com.br\/index.php\/wp-json\/wp\/v2\/categories?post=1721"},{"taxonomy":"post_tag","embeddable":true,"href":"https:\/\/blogdoedvaldomagalhaes.com.br\/index.php\/wp-json\/wp\/v2\/tags?post=1721"}],"curies":[{"name":"wp","href":"https:\/\/api.w.org\/{rel}","templated":true}]}}