{"id":1719,"date":"2018-07-22T10:12:00","date_gmt":"2018-07-22T13:12:00","guid":{"rendered":"http:\/\/blogdoedvaldomagalhaes.com.br\/index.php\/2018\/07\/22\/pm-recupera-carros-roubados-e-apreende\/"},"modified":"2019-02-09T02:25:29","modified_gmt":"2019-02-09T04:25:29","slug":"pm-recupera-carros-roubados-e-apreende","status":"publish","type":"post","link":"https:\/\/blogdoedvaldomagalhaes.com.br\/index.php\/2018\/07\/22\/pm-recupera-carros-roubados-e-apreende\/","title":{"rendered":"PM recupera carros roubados e apreende arma em Caruaru"},"content":{"rendered":"<div class=\"separator\" style=\"clear: both; text-align: center;\">\n<a href=\"https:\/\/1.bp.blogspot.com\/-NO0m2AIyfmE\/W1RXa80Is3I\/AAAAAAAA24o\/1jVi6Wh2PpkaraLbmw1QXfmC1q25E7neACLcBGAs\/s1600\/pm%2B1.jpg\" imageanchor=\"1\" style=\"margin-left: 1em; margin-right: 1em;\"><img loading=\"lazy\" decoding=\"async\" border=\"0\" data-original-height=\"269\" data-original-width=\"512\" height=\"330\" src=\"http:\/\/blogdoedvaldomagalhaes.com.br\/wp-content\/uploads\/2018\/07\/pm1.jpg\" width=\"640\" \/><\/a><\/div>\n<div style=\"text-align: center;\">\nFotos: 4\u00ba BPM\/Divulga\u00e7\u00e3o<\/div>\n<div style=\"text-align: center;\">\n<\/div>\n<div style=\"background-color: white; text-align: justify;\">\nAo realizar rondas na rua Padre Zacarias Tavares, bairro Indian\u00f3polis, nesse s\u00e1bado (21), uma equipe do 4\u00ba BPM suspeitou de dois homens e uma mulher que estavam em um ve\u00edculo Corolla.&nbsp;<\/div>\n<div style=\"background-color: white; text-align: justify;\">\n<\/div>\n<p><\/p>\n<div style=\"background-color: white; text-align: justify;\">\n<\/div>\n<div style=\"background-color: white;\">\n<\/div>\n<div style=\"background-color: white;\">\n<\/div>\n<p><\/p>\n<div style=\"-webkit-text-stroke-width: 0px; background-color: white; font-style: normal; font-variant-caps: normal; font-variant-ligatures: normal; font-weight: 400; letter-spacing: normal; orphans: 2; text-align: justify; text-decoration-color: initial; text-decoration-style: initial; text-indent: 0px; text-transform: none; white-space: normal; widows: 2; word-spacing: 0px;\">\nAo consultar a placa, ficou constatado que o autom\u00f3vel possu\u00eda restri\u00e7\u00e3o de roubo e, segundo informa\u00e7\u00f5es, os indiv\u00edduos estariam realizando diversos assaltos na regi\u00e3o. Ao serem abordados, um deles confessou ter uma arma de fogo em sua resid\u00eancia.&nbsp;<\/div>\n<div style=\"-webkit-text-stroke-width: 0px; background-color: white; color: black; font-family: Arial, Tahoma, Helvetica, FreeSans, sans-serif; font-size: 15.4px; font-style: normal; font-variant-caps: normal; font-variant-ligatures: normal; font-weight: 400; letter-spacing: normal; orphans: 2; text-align: justify; text-decoration-color: initial; text-decoration-style: initial; text-indent: 0px; text-transform: none; white-space: normal; widows: 2; word-spacing: 0px;\">\n<\/div>\n<div class=\"separator\" style=\"clear: both; text-align: center;\">\n<a href=\"https:\/\/3.bp.blogspot.com\/-nTUtyiNwOyk\/W1RXhs_B6pI\/AAAAAAAA24w\/Wv0o77oitGQQqu9h_ZhBtw_PNeBxBwfmACLcBGAs\/s1600\/pm.jpg\" imageanchor=\"1\" style=\"margin-left: 1em; margin-right: 1em;\"><img loading=\"lazy\" decoding=\"async\" border=\"0\" data-original-height=\"288\" data-original-width=\"512\" height=\"354\" src=\"http:\/\/blogdoedvaldomagalhaes.com.br\/wp-content\/uploads\/2018\/07\/pm-2.jpg\" width=\"640\" \/><\/a><\/div>\n<div style=\"-webkit-text-stroke-width: 0px; background-color: white; color: black; font-family: Arial, Tahoma, Helvetica, FreeSans, sans-serif; font-size: 15.4px; font-style: normal; font-variant-caps: normal; font-variant-ligatures: normal; font-weight: 400; letter-spacing: normal; orphans: 2; text-align: justify; text-decoration-color: initial; text-decoration-style: initial; text-indent: 0px; text-transform: none; white-space: normal; widows: 2; word-spacing: 0px;\">\n<\/div>\n<div style=\"background-color: white; text-align: justify;\">\nO efetivo foi at\u00e9 o local e encontrou um rev\u00f3lver calibre 38, com seis muni\u00e7\u00f5es, e um ve\u00edculo Strada, tamb\u00e9m com restri\u00e7\u00e3o de roubo. Os acusados foram encaminhados a Delegacia Civil, onde foram autuados por porte ilegal de arma de fogo e recepta\u00e7\u00e3o de carros roubados.<\/div>\n","protected":false},"excerpt":{"rendered":"<p>Fotos: 4\u00ba BPM\/Divulga\u00e7\u00e3o Ao realizar rondas na rua Padre Zacarias Tavares, bairro Indian\u00f3polis, nesse s\u00e1bado (21), uma equipe do 4\u00ba&hellip;<\/p>\n","protected":false},"author":1,"featured_media":0,"comment_status":"open","ping_status":"open","sticky":false,"template":"","format":"standard","meta":{"footnotes":""},"categories":[1],"tags":[2,1738,13],"class_list":["post-1719","post","type-post","status-publish","format-standard","hentry","category-sem-categoria","tag-blog-do-edvaldo-magalhaes","tag-pm-recupera-carros-roubados-e-apreende-arma-em-caruaru","tag-policial"],"_links":{"self":[{"href":"https:\/\/blogdoedvaldomagalhaes.com.br\/index.php\/wp-json\/wp\/v2\/posts\/1719","targetHints":{"allow":["GET"]}}],"collection":[{"href":"https:\/\/blogdoedvaldomagalhaes.com.br\/index.php\/wp-json\/wp\/v2\/posts"}],"about":[{"href":"https:\/\/blogdoedvaldomagalhaes.com.br\/index.php\/wp-json\/wp\/v2\/types\/post"}],"author":[{"embeddable":true,"href":"https:\/\/blogdoedvaldomagalhaes.com.br\/index.php\/wp-json\/wp\/v2\/users\/1"}],"replies":[{"embeddable":true,"href":"https:\/\/blogdoedvaldomagalhaes.com.br\/index.php\/wp-json\/wp\/v2\/comments?post=1719"}],"version-history":[{"count":1,"href":"https:\/\/blogdoedvaldomagalhaes.com.br\/index.php\/wp-json\/wp\/v2\/posts\/1719\/revisions"}],"predecessor-version":[{"id":32936,"href":"https:\/\/blogdoedvaldomagalhaes.com.br\/index.php\/wp-json\/wp\/v2\/posts\/1719\/revisions\/32936"}],"wp:attachment":[{"href":"https:\/\/blogdoedvaldomagalhaes.com.br\/index.php\/wp-json\/wp\/v2\/media?parent=1719"}],"wp:term":[{"taxonomy":"category","embeddable":true,"href":"https:\/\/blogdoedvaldomagalhaes.com.br\/index.php\/wp-json\/wp\/v2\/categories?post=1719"},{"taxonomy":"post_tag","embeddable":true,"href":"https:\/\/blogdoedvaldomagalhaes.com.br\/index.php\/wp-json\/wp\/v2\/tags?post=1719"}],"curies":[{"name":"wp","href":"https:\/\/api.w.org\/{rel}","templated":true}]}}