{"id":1716,"date":"2018-07-23T19:54:00","date_gmt":"2018-07-23T22:54:00","guid":{"rendered":"http:\/\/blogdoedvaldomagalhaes.com.br\/index.php\/2018\/07\/23\/filho-estupra-mae-e-irma-mais-nova\/"},"modified":"2019-02-09T02:25:34","modified_gmt":"2019-02-09T04:25:34","slug":"filho-estupra-mae-e-irma-mais-nova","status":"publish","type":"post","link":"https:\/\/blogdoedvaldomagalhaes.com.br\/index.php\/2018\/07\/23\/filho-estupra-mae-e-irma-mais-nova\/","title":{"rendered":"Filho estupra m\u00e3e e irm\u00e3 mais nova presencia o crime em \u00c1guas Belas"},"content":{"rendered":"<div class=\"separator\" style=\"clear: both; text-align: center;\">\n<a href=\"https:\/\/1.bp.blogspot.com\/-AE26KAns5YM\/W1YxazHpzNI\/AAAAAAAA29A\/dITLTRuYvEQTOaSkipPr4XlZgTux2T9pQCLcBGAs\/s1600\/ele.png\" imageanchor=\"1\" style=\"margin-left: 1em; margin-right: 1em;\"><img loading=\"lazy\" decoding=\"async\" border=\"0\" data-original-height=\"390\" data-original-width=\"640\" height=\"390\" src=\"http:\/\/blogdoedvaldomagalhaes.com.br\/wp-content\/uploads\/2018\/07\/ele.png\" width=\"640\" \/><\/a><\/div>\n<div class=\"separator\" style=\"clear: both; text-align: center;\">\nImagem ilustrativa<\/div>\n<div style=\"background-color: white; box-sizing: border-box; line-height: 24px; margin-bottom: 10px; text-align: justify;\">\n<\/div>\n<div style=\"background-color: white; box-sizing: border-box; line-height: 24px; margin-bottom: 10px; text-align: justify;\">\nNeste domingo (22), um jovem de 18 anos estuprou a pr\u00f3pria m\u00e3e, de 48, na frente da irm\u00e3 de 11 anos no bairro S\u00e3o Sebasti\u00e3o, em \u00c1guas Belas, no Agreste de Pernambuco.<\/div>\n<div style=\"background-color: white; box-sizing: border-box; line-height: 24px; margin-bottom: 10px; text-align: justify;\">\nO filho teria chegado de madrugada em casa drogado, acendendo as luzes e fazendo barulho. A m\u00e3e teria pedido para o jovem fazer sil\u00eancio, como ele n\u00e3o aceitou a reclama\u00e7\u00e3o, amea\u00e7ou a mulher com uma faca, imobilizou a v\u00edtima e praticou o estupro.<\/div>\n<div style=\"background-color: white; box-sizing: border-box; line-height: 24px; margin-bottom: 10px; text-align: justify;\">\nDepois do ocorrido a m\u00e3e consegui fugir de casa levando a filha mais nova que presenciou o fato e se esconderam em um matagal. Na manh\u00e3 desta segunda-feira (23), procuraram a pol\u00edcia e denunciaram o jovem.<\/div>\n<div style=\"background-color: white; box-sizing: border-box; line-height: 24px; margin-bottom: 10px; text-align: justify;\">\nCom ele foi encontrada uma faca peixeira e duas pedras de crack. O jovem foi autuado em flagrante e ser\u00e1 levado para audi\u00eancia de cust\u00f3dia.<\/div>\n","protected":false},"excerpt":{"rendered":"<p>Imagem ilustrativa Neste domingo (22), um jovem de 18 anos estuprou a pr\u00f3pria m\u00e3e, de 48, na frente da irm\u00e3&hellip;<\/p>\n","protected":false},"author":1,"featured_media":0,"comment_status":"open","ping_status":"open","sticky":false,"template":"","format":"standard","meta":{"footnotes":""},"categories":[1],"tags":[2,1735,13],"class_list":["post-1716","post","type-post","status-publish","format-standard","hentry","category-sem-categoria","tag-blog-do-edvaldo-magalhaes","tag-filho-estupra-mae-e-irma-mais-nova-presencia-o-crime-em-aguas-belas","tag-policial"],"_links":{"self":[{"href":"https:\/\/blogdoedvaldomagalhaes.com.br\/index.php\/wp-json\/wp\/v2\/posts\/1716","targetHints":{"allow":["GET"]}}],"collection":[{"href":"https:\/\/blogdoedvaldomagalhaes.com.br\/index.php\/wp-json\/wp\/v2\/posts"}],"about":[{"href":"https:\/\/blogdoedvaldomagalhaes.com.br\/index.php\/wp-json\/wp\/v2\/types\/post"}],"author":[{"embeddable":true,"href":"https:\/\/blogdoedvaldomagalhaes.com.br\/index.php\/wp-json\/wp\/v2\/users\/1"}],"replies":[{"embeddable":true,"href":"https:\/\/blogdoedvaldomagalhaes.com.br\/index.php\/wp-json\/wp\/v2\/comments?post=1716"}],"version-history":[{"count":1,"href":"https:\/\/blogdoedvaldomagalhaes.com.br\/index.php\/wp-json\/wp\/v2\/posts\/1716\/revisions"}],"predecessor-version":[{"id":32942,"href":"https:\/\/blogdoedvaldomagalhaes.com.br\/index.php\/wp-json\/wp\/v2\/posts\/1716\/revisions\/32942"}],"wp:attachment":[{"href":"https:\/\/blogdoedvaldomagalhaes.com.br\/index.php\/wp-json\/wp\/v2\/media?parent=1716"}],"wp:term":[{"taxonomy":"category","embeddable":true,"href":"https:\/\/blogdoedvaldomagalhaes.com.br\/index.php\/wp-json\/wp\/v2\/categories?post=1716"},{"taxonomy":"post_tag","embeddable":true,"href":"https:\/\/blogdoedvaldomagalhaes.com.br\/index.php\/wp-json\/wp\/v2\/tags?post=1716"}],"curies":[{"name":"wp","href":"https:\/\/api.w.org\/{rel}","templated":true}]}}