{"id":1715,"date":"2018-07-23T20:03:00","date_gmt":"2018-07-23T23:03:00","guid":{"rendered":"http:\/\/blogdoedvaldomagalhaes.com.br\/index.php\/2018\/07\/23\/final-do-slam-caruaru-2018-no-monte-bo\/"},"modified":"2019-02-09T02:25:34","modified_gmt":"2019-02-09T04:25:34","slug":"final-do-slam-caruaru-2018-no-monte-bo","status":"publish","type":"post","link":"https:\/\/blogdoedvaldomagalhaes.com.br\/index.php\/2018\/07\/23\/final-do-slam-caruaru-2018-no-monte-bo\/","title":{"rendered":"Final do Slam Caruaru 2018 no Monte Bom Jesus domingo (29)"},"content":{"rendered":"<div class=\"separator\" style=\"clear: both; text-align: center;\">\n<a href=\"https:\/\/4.bp.blogspot.com\/-XjvvdfSosQw\/W1Yy5rB3drI\/AAAAAAAA29M\/6tNKIUqhwg4Di8MQ0iyrufrAQPQAN3_zwCLcBGAs\/s1600\/slam.jpg\" imageanchor=\"1\" style=\"margin-left: 1em; margin-right: 1em;\"><img loading=\"lazy\" decoding=\"async\" border=\"0\" data-original-height=\"537\" data-original-width=\"640\" height=\"532\" src=\"http:\/\/blogdoedvaldomagalhaes.com.br\/wp-content\/uploads\/2018\/07\/slam.jpg\" width=\"640\" \/><\/a><\/div>\n<p><\/p>\n<div style=\"background-color: white; color: #222222; text-align: justify;\">\nNo pr\u00f3ximo domingo (29), acontecer\u00e1 a \u00faltima edi\u00e7\u00e3o da competi\u00e7\u00e3o de poesia &#8220;Slam Caruaru&#8221;. Existe na cidade um coletivo buscando fomentar a cultura na Esta\u00e7\u00e3o Ferrovi\u00e1ria para n\u00e3o deixar a arte morrer na Capital do Forr\u00f3.<\/div>\n<div style=\"background-color: white; color: #222222; text-align: justify;\">\n<\/div>\n<div style=\"background-color: white; color: #222222; text-align: justify;\">\nHouve seis edi\u00e7\u00f5es do evento em 2018, e ser\u00e1 ser\u00e1 comemorado um ano de batalha de poesia exatamente no dia 29, portanto, \u00e9 uma data importante para todos que fazem parte. Ser\u00e3o seis competidores, e entre eles estar\u00e1 uma mulher, que \u00e9 ser\u00e1 Maria Ferreira, vencedora da segunda edi\u00e7\u00e3o do ano, e vencedora de primeira viagem.&nbsp;<\/div>\n<div style=\"background-color: white; color: #222222; text-align: justify;\">\n<\/div>\n<div style=\"background-color: white; color: #222222; text-align: justify;\">\nA batalha de poesia acontecer\u00e1 no Monte Bom Jesus, com as participa\u00e7\u00f5es de grupos de Hip Hop e tamb\u00e9m de alguns Mc&#8217;s. Todos est\u00e3o convidados, para prestigiar os jovens artistas de Caruaru.<\/div>\n","protected":false},"excerpt":{"rendered":"<p>No pr\u00f3ximo domingo (29), acontecer\u00e1 a \u00faltima edi\u00e7\u00e3o da competi\u00e7\u00e3o de poesia &#8220;Slam Caruaru&#8221;. Existe na cidade um coletivo buscando&hellip;<\/p>\n","protected":false},"author":1,"featured_media":0,"comment_status":"open","ping_status":"open","sticky":false,"template":"","format":"standard","meta":{"footnotes":""},"categories":[1],"tags":[2,1732,1733,1734,6],"class_list":["post-1715","post","type-post","status-publish","format-standard","hentry","category-sem-categoria","tag-blog-do-edvaldo-magalhaes","tag-final-do-slam-caruaru-2018-no-monte-bom-jesus-domingo-29","tag-hip-hop","tag-maria-ferreira","tag-noticias"],"_links":{"self":[{"href":"https:\/\/blogdoedvaldomagalhaes.com.br\/index.php\/wp-json\/wp\/v2\/posts\/1715","targetHints":{"allow":["GET"]}}],"collection":[{"href":"https:\/\/blogdoedvaldomagalhaes.com.br\/index.php\/wp-json\/wp\/v2\/posts"}],"about":[{"href":"https:\/\/blogdoedvaldomagalhaes.com.br\/index.php\/wp-json\/wp\/v2\/types\/post"}],"author":[{"embeddable":true,"href":"https:\/\/blogdoedvaldomagalhaes.com.br\/index.php\/wp-json\/wp\/v2\/users\/1"}],"replies":[{"embeddable":true,"href":"https:\/\/blogdoedvaldomagalhaes.com.br\/index.php\/wp-json\/wp\/v2\/comments?post=1715"}],"version-history":[{"count":1,"href":"https:\/\/blogdoedvaldomagalhaes.com.br\/index.php\/wp-json\/wp\/v2\/posts\/1715\/revisions"}],"predecessor-version":[{"id":32944,"href":"https:\/\/blogdoedvaldomagalhaes.com.br\/index.php\/wp-json\/wp\/v2\/posts\/1715\/revisions\/32944"}],"wp:attachment":[{"href":"https:\/\/blogdoedvaldomagalhaes.com.br\/index.php\/wp-json\/wp\/v2\/media?parent=1715"}],"wp:term":[{"taxonomy":"category","embeddable":true,"href":"https:\/\/blogdoedvaldomagalhaes.com.br\/index.php\/wp-json\/wp\/v2\/categories?post=1715"},{"taxonomy":"post_tag","embeddable":true,"href":"https:\/\/blogdoedvaldomagalhaes.com.br\/index.php\/wp-json\/wp\/v2\/tags?post=1715"}],"curies":[{"name":"wp","href":"https:\/\/api.w.org\/{rel}","templated":true}]}}