{"id":1714,"date":"2018-07-23T20:57:00","date_gmt":"2018-07-23T23:57:00","guid":{"rendered":"http:\/\/blogdoedvaldomagalhaes.com.br\/index.php\/2018\/07\/23\/ex-presidiario-e-raptado-tem-olhos\/"},"modified":"2019-02-09T02:25:34","modified_gmt":"2019-02-09T04:25:34","slug":"ex-presidiario-e-raptado-tem-olhos","status":"publish","type":"post","link":"https:\/\/blogdoedvaldomagalhaes.com.br\/index.php\/2018\/07\/23\/ex-presidiario-e-raptado-tem-olhos\/","title":{"rendered":"Ex-presidi\u00e1rio \u00e9 raptado, tem olhos arrancados e \u00e9 assassinado a tiros em Caruaru"},"content":{"rendered":"<div class=\"separator\" style=\"clear: both; text-align: center;\">\n<a href=\"https:\/\/3.bp.blogspot.com\/-YMCsDgJ1vCM\/W1ZBBieGexI\/AAAAAAAA29s\/e2Z15USzV-kL6l_ec6Aw97yQEoT0LBQQACLcBGAs\/s1600\/local.jpg\" imageanchor=\"1\" style=\"margin-left: 1em; margin-right: 1em;\"><img loading=\"lazy\" decoding=\"async\" border=\"0\" data-original-height=\"180\" data-original-width=\"320\" height=\"360\" src=\"http:\/\/blogdoedvaldomagalhaes.com.br\/wp-content\/uploads\/2018\/07\/local.jpg\" width=\"640\" \/><\/a><\/div>\n<div class=\"separator\" style=\"clear: both; text-align: center;\">\nFoto: Josias Souza\/Sem Meias Palavras\/Cortesia<\/div>\n<p><\/p>\n<div style=\"text-align: justify;\">\nSegundo informa\u00e7\u00f5es da pol\u00edcia, na tarde do \u00faltimo s\u00e1bado (21), o ex-presidi\u00e1rio Jos\u00e9 Willas Barbosa de Souza, de 22 anos, estava jogando baralho com amigos em um bar no s\u00edtio Cachoeira Seca, na zona rural de Caruaru, quando chegaram quatro homens armados e encapuzados, dois ficaram em um ve\u00edculo Gol branco, e dois desceram e entraram no bar, disseram que eram policiais, colocaram a v\u00edtima no carro dizendo que iriam para a delegacia.&nbsp;&nbsp;<\/p>\n<p>Nesta segunda-feira (23), o corpo foi encontrado sem os olhos e com v\u00e1rios tiros, no s\u00edtio Macambira Borba, tamb\u00e9m no 2\u00ba Distrito de Caruaru. O Sargento Sivaldo do GATI, disse que a v\u00edtima j\u00e1 havia sido presa, acusada de assalto e porte ilegal de arma.<\/p>\n<div class=\"separator\" style=\"clear: both; text-align: center;\">\n<a href=\"https:\/\/1.bp.blogspot.com\/-4HymoTdnnNE\/W1ZGDq2-k7I\/AAAAAAAA2-A\/oxR0OWbVKbE3m05ohxE6Phy-AcyUI5lxgCLcBGAs\/s1600\/ele.jpg\" imageanchor=\"1\" style=\"margin-left: 1em; margin-right: 1em;\"><img loading=\"lazy\" decoding=\"async\" border=\"0\" data-original-height=\"336\" data-original-width=\"282\" height=\"640\" src=\"http:\/\/blogdoedvaldomagalhaes.com.br\/wp-content\/uploads\/2018\/07\/ele-3.jpg\" width=\"534\" \/><\/a><\/div>\n<div class=\"separator\" style=\"clear: both; text-align: center;\">\nFoto da v\u00edtima<\/div>\n<div style=\"background-color: white; box-sizing: border-box; line-height: 24px; margin-bottom: 10px;\">\nO corpo foi encaminhado para o Instituto de Medina Legal (IML).<\/div>\n<p><\/p>\n<div style=\"background-color: white; box-sizing: border-box; line-height: 24px; margin-bottom: 10px;\">\nCom este crime, sobe para 14 o n\u00famero de homic\u00eddios no m\u00eas de julho em Caruaru e para 105 neste ano de 2018.<\/div>\n<\/div>\n","protected":false},"excerpt":{"rendered":"<p>Foto: Josias Souza\/Sem Meias Palavras\/Cortesia Segundo informa\u00e7\u00f5es da pol\u00edcia, na tarde do \u00faltimo s\u00e1bado (21), o ex-presidi\u00e1rio Jos\u00e9 Willas Barbosa&hellip;<\/p>\n","protected":false},"author":1,"featured_media":0,"comment_status":"open","ping_status":"open","sticky":false,"template":"","format":"standard","meta":{"footnotes":""},"categories":[1],"tags":[2,1730,13,1731],"class_list":["post-1714","post","type-post","status-publish","format-standard","hentry","category-sem-categoria","tag-blog-do-edvaldo-magalhaes","tag-ex-presidiario-e-raptado","tag-policial","tag-tem-olhos-arrancados-e-e-assassinado-a-tiros-em-caruaru"],"_links":{"self":[{"href":"https:\/\/blogdoedvaldomagalhaes.com.br\/index.php\/wp-json\/wp\/v2\/posts\/1714","targetHints":{"allow":["GET"]}}],"collection":[{"href":"https:\/\/blogdoedvaldomagalhaes.com.br\/index.php\/wp-json\/wp\/v2\/posts"}],"about":[{"href":"https:\/\/blogdoedvaldomagalhaes.com.br\/index.php\/wp-json\/wp\/v2\/types\/post"}],"author":[{"embeddable":true,"href":"https:\/\/blogdoedvaldomagalhaes.com.br\/index.php\/wp-json\/wp\/v2\/users\/1"}],"replies":[{"embeddable":true,"href":"https:\/\/blogdoedvaldomagalhaes.com.br\/index.php\/wp-json\/wp\/v2\/comments?post=1714"}],"version-history":[{"count":1,"href":"https:\/\/blogdoedvaldomagalhaes.com.br\/index.php\/wp-json\/wp\/v2\/posts\/1714\/revisions"}],"predecessor-version":[{"id":32947,"href":"https:\/\/blogdoedvaldomagalhaes.com.br\/index.php\/wp-json\/wp\/v2\/posts\/1714\/revisions\/32947"}],"wp:attachment":[{"href":"https:\/\/blogdoedvaldomagalhaes.com.br\/index.php\/wp-json\/wp\/v2\/media?parent=1714"}],"wp:term":[{"taxonomy":"category","embeddable":true,"href":"https:\/\/blogdoedvaldomagalhaes.com.br\/index.php\/wp-json\/wp\/v2\/categories?post=1714"},{"taxonomy":"post_tag","embeddable":true,"href":"https:\/\/blogdoedvaldomagalhaes.com.br\/index.php\/wp-json\/wp\/v2\/tags?post=1714"}],"curies":[{"name":"wp","href":"https:\/\/api.w.org\/{rel}","templated":true}]}}