{"id":1712,"date":"2018-07-24T15:47:00","date_gmt":"2018-07-24T18:47:00","guid":{"rendered":"http:\/\/blogdoedvaldomagalhaes.com.br\/index.php\/2018\/07\/24\/suspeitos-da-pratica-de-assaltos-sao\/"},"modified":"2019-02-09T02:25:35","modified_gmt":"2019-02-09T04:25:35","slug":"suspeitos-da-pratica-de-assaltos-sao","status":"publish","type":"post","link":"https:\/\/blogdoedvaldomagalhaes.com.br\/index.php\/2018\/07\/24\/suspeitos-da-pratica-de-assaltos-sao\/","title":{"rendered":"Suspeitos da pr\u00e1tica de assaltos s\u00e3o baleados em troca de tiros com a pol\u00edcia em Caruaru e morrem no hospital"},"content":{"rendered":"<div class=\"separator\" style=\"clear: both; text-align: center;\">\n<a href=\"https:\/\/3.bp.blogspot.com\/-uvnF_GEWQX0\/W1dJquJ-iTI\/AAAAAAAA2-Q\/0VtmR1rtXeko8ZpwttmL6Wul6dBanAdNwCLcBGAs\/s1600\/foto.jpg\" imageanchor=\"1\" style=\"margin-left: 1em; margin-right: 1em;\"><img loading=\"lazy\" decoding=\"async\" border=\"0\" data-original-height=\"432\" data-original-width=\"768\" height=\"360\" src=\"http:\/\/blogdoedvaldomagalhaes.com.br\/wp-content\/uploads\/2018\/07\/foto-6.jpg\" width=\"640\" \/><\/a><\/div>\n<div class=\"separator\" style=\"clear: both; text-align: center;\">\nFoto: Reprodu\u00e7\u00e3o\/WhatsApp<\/div>\n<div style=\"background-color: white; box-sizing: border-box; line-height: 24px; margin-bottom: 10px; text-align: justify;\">\n<\/div>\n<div style=\"background-color: white; box-sizing: border-box; line-height: 24px; margin-bottom: 10px; text-align: justify;\">\nDois suspeitos da pr\u00e1tica de assalto foram baleados em troca de tiros com a Pol\u00edcia Militar, no final da manh\u00e3 desta ter\u00e7a-feira (24), em Caruaru, Agreste de Pernambuco. Eles foram socorridos pelo Samu para o Hospital Regional do Agreste (HRA), mas n\u00e3o resistiram.<\/p>\n<p><\/p>\n<div class=\"separator\" style=\"clear: both; text-align: center;\">\n<a href=\"https:\/\/2.bp.blogspot.com\/-8_HHNgyBsqk\/W1df2HY-1iI\/AAAAAAAA2-4\/fKe-ktKzCpkorkRjCNtS-nhLgD50e97-QCLcBGAs\/s1600\/sim.jpg\" imageanchor=\"1\" style=\"margin-left: 1em; margin-right: 1em;\"><img loading=\"lazy\" decoding=\"async\" border=\"0\" data-original-height=\"555\" data-original-width=\"354\" height=\"640\" src=\"http:\/\/blogdoedvaldomagalhaes.com.br\/wp-content\/uploads\/2018\/07\/sim-1.jpg\" width=\"406\" \/><\/a><\/div>\n<div class=\"separator\" style=\"clear: both; text-align: center;\">\nEx-interno da Funase<\/div>\n<div class=\"separator\" style=\"clear: both; text-align: center;\">\n<\/div>\n<div class=\"separator\" style=\"clear: both; text-align: center;\">\n<a href=\"https:\/\/3.bp.blogspot.com\/-fCZCy-ErG_c\/W1d0pV-luRI\/AAAAAAAA2_U\/1Yi-4BT2YWsMPsg1redH7dZPmXOFyRECQCLcBGAs\/s1600\/IMG-20180724-WA0101.jpg\" imageanchor=\"1\" style=\"margin-left: 1em; margin-right: 1em;\"><img loading=\"lazy\" decoding=\"async\" border=\"0\" data-original-height=\"1280\" data-original-width=\"347\" height=\"640\" src=\"http:\/\/blogdoedvaldomagalhaes.com.br\/wp-content\/uploads\/2018\/07\/IMG-20180724-WA0101.jpg\" width=\"170\" \/><\/a><\/div>\n<p><\/div>\n<div style=\"background-color: white; box-sizing: border-box; line-height: 24px; margin-bottom: 10px; text-align: justify;\">\nOs suspeitos teriam roubado um carro na cidade de Agrestina e, ap\u00f3s serem denunciados, a PM montou pontos de bloqueio. A troca de tiros ocorreu no bairro Adalgiza Nunes. O ve\u00edculo foi recuperado. Duas armas foram apreendidas.&nbsp;Os acusados foram identificados como Eduardo Henrique da Silva, 19 anos, e Ant\u00f4nio Miguel, 15.<\/p>\n<\/div>\n<div style=\"background-color: white; box-sizing: border-box; line-height: 24px; margin-bottom: 10px; text-align: justify;\">\n<\/div>\n<div class=\"separator\" style=\"clear: both; text-align: center;\">\n<a href=\"https:\/\/4.bp.blogspot.com\/-SaOi-bbGDIw\/W1dg1Yvq4VI\/AAAAAAAA2_I\/IG9rcFDFRlc_vmhXCpQkLGvGr4mFVSjDACLcBGAs\/s1600\/carero.jpg\" imageanchor=\"1\" style=\"margin-left: 1em; margin-right: 1em;\"><img loading=\"lazy\" decoding=\"async\" border=\"0\" data-original-height=\"960\" data-original-width=\"720\" height=\"640\" src=\"http:\/\/blogdoedvaldomagalhaes.com.br\/wp-content\/uploads\/2018\/07\/carero.jpg\" width=\"480\" \/><\/a><\/div>\n<p><\/p>\n<div style=\"-webkit-text-stroke-width: 0px; background-color: white; box-sizing: border-box; font-style: normal; font-variant-caps: normal; font-variant-ligatures: normal; font-weight: 400; letter-spacing: normal; line-height: 24px; margin: 0px 0px 10px; orphans: 2; text-align: justify; text-decoration-color: initial; text-decoration-style: initial; text-indent: 0px; text-transform: none; white-space: normal; widows: 2; word-spacing: 0px;\">\nAs duas mortes entram para a estat\u00edstica da viol\u00eancia no munic\u00edpio, elevando para 16 o n\u00famero homic\u00eddios no m\u00eas de julho e para 107 em 2018.<\/div>\n<div style=\"-webkit-text-stroke-width: 0px; background-color: white; box-sizing: border-box; font-style: normal; font-variant-caps: normal; font-variant-ligatures: normal; font-weight: 400; letter-spacing: normal; line-height: 24px; margin: 0px 0px 10px; orphans: 2; text-align: justify; text-decoration-color: initial; text-decoration-style: initial; text-indent: 0px; text-transform: none; white-space: normal; widows: 2; word-spacing: 0px;\">\nInforma\u00e7\u00f5es da R\u00e1dio Liberdade.<\/div>\n","protected":false},"excerpt":{"rendered":"<p>Foto: Reprodu\u00e7\u00e3o\/WhatsApp Dois suspeitos da pr\u00e1tica de assalto foram baleados em troca de tiros com a Pol\u00edcia Militar, no final&hellip;<\/p>\n","protected":false},"author":1,"featured_media":0,"comment_status":"open","ping_status":"open","sticky":false,"template":"","format":"standard","meta":{"footnotes":""},"categories":[1],"tags":[1728,2,13],"class_list":["post-1712","post","type-post","status-publish","format-standard","hentry","category-sem-categoria","tag-acusados-da-pratica-de-assaltos-sao-baleados-em-troca-de-tiros-com-a-policia-em-caruaru-e-morrem-no-hospital","tag-blog-do-edvaldo-magalhaes","tag-policial"],"_links":{"self":[{"href":"https:\/\/blogdoedvaldomagalhaes.com.br\/index.php\/wp-json\/wp\/v2\/posts\/1712","targetHints":{"allow":["GET"]}}],"collection":[{"href":"https:\/\/blogdoedvaldomagalhaes.com.br\/index.php\/wp-json\/wp\/v2\/posts"}],"about":[{"href":"https:\/\/blogdoedvaldomagalhaes.com.br\/index.php\/wp-json\/wp\/v2\/types\/post"}],"author":[{"embeddable":true,"href":"https:\/\/blogdoedvaldomagalhaes.com.br\/index.php\/wp-json\/wp\/v2\/users\/1"}],"replies":[{"embeddable":true,"href":"https:\/\/blogdoedvaldomagalhaes.com.br\/index.php\/wp-json\/wp\/v2\/comments?post=1712"}],"version-history":[{"count":1,"href":"https:\/\/blogdoedvaldomagalhaes.com.br\/index.php\/wp-json\/wp\/v2\/posts\/1712\/revisions"}],"predecessor-version":[{"id":32954,"href":"https:\/\/blogdoedvaldomagalhaes.com.br\/index.php\/wp-json\/wp\/v2\/posts\/1712\/revisions\/32954"}],"wp:attachment":[{"href":"https:\/\/blogdoedvaldomagalhaes.com.br\/index.php\/wp-json\/wp\/v2\/media?parent=1712"}],"wp:term":[{"taxonomy":"category","embeddable":true,"href":"https:\/\/blogdoedvaldomagalhaes.com.br\/index.php\/wp-json\/wp\/v2\/categories?post=1712"},{"taxonomy":"post_tag","embeddable":true,"href":"https:\/\/blogdoedvaldomagalhaes.com.br\/index.php\/wp-json\/wp\/v2\/tags?post=1712"}],"curies":[{"name":"wp","href":"https:\/\/api.w.org\/{rel}","templated":true}]}}