{"id":1711,"date":"2018-07-24T17:03:00","date_gmt":"2018-07-24T20:03:00","guid":{"rendered":"http:\/\/blogdoedvaldomagalhaes.com.br\/index.php\/2018\/07\/24\/sesc-caruaru-tem-programacao-de-cinema\/"},"modified":"2019-02-09T02:25:36","modified_gmt":"2019-02-09T04:25:36","slug":"sesc-caruaru-tem-programacao-de-cinema","status":"publish","type":"post","link":"https:\/\/blogdoedvaldomagalhaes.com.br\/index.php\/2018\/07\/24\/sesc-caruaru-tem-programacao-de-cinema\/","title":{"rendered":"Sesc Caruaru tem programa\u00e7\u00e3o de cinema nesta quarta-feira (25)  com entrada gratuita"},"content":{"rendered":"<div class=\"separator\" style=\"clear: both; text-align: center;\">\n<a href=\"https:\/\/4.bp.blogspot.com\/-_nrW4-PU5NQ\/W1dbz1kKcPI\/AAAAAAAA2-c\/N1Yen2FtIQYy-BPpfupG4_qm78euCYrXgCLcBGAs\/s1600\/sesc.jpg\" imageanchor=\"1\" style=\"margin-left: 1em; margin-right: 1em;\"><img loading=\"lazy\" decoding=\"async\" border=\"0\" data-original-height=\"300\" data-original-width=\"533\" height=\"360\" src=\"http:\/\/blogdoedvaldomagalhaes.com.br\/wp-content\/uploads\/2018\/07\/sesc-1.jpg\" width=\"640\" \/><\/a><\/div>\n<div style=\"text-align: justify;\">\n<\/div>\n<div style=\"text-align: justify;\">\nNesta quarta-feira (25), o Sesc Caruaru est\u00e1 com programa\u00e7\u00e3o especial para quem adora ver filme. A Unidade abrir\u00e1 suas portas para duas produ\u00e7\u00f5es nacionais: a com\u00e9dia \u201cCilada.com\u201d e a anima\u00e7\u00e3o \u201cGrilo feliz e os insetos gigantes\u201d, sendo um para as crian\u00e7as e o outro para o p\u00fablico de mais idade.&nbsp;<\/div>\n<div style=\"text-align: justify;\">\n<\/div>\n<div style=\"text-align: justify;\">\nO longa dirigido por Jos\u00e9 Alvarenga Jr., \u2018Cilada.com\u2019 \u00e9 uma com\u00e9dia tipicamente brasileira. O filme conta a hist\u00f3ria de trai\u00e7\u00e3o sofrida por Fernanda, que v\u00ea seu namorado Bruno com outra mulher. Por vingan\u00e7a, ela publicou na internet v\u00eddeos \u00edntimos que gravou com ele. As imagens viralizam, o \u201cprotagonista\u201d do v\u00eddeo faz o maior sucesso e se torna celebridade, s\u00f3 que da pior forma poss\u00edvel. Em meio a essa turbul\u00eancia, ele tenta reverter a situa\u00e7\u00e3o, mudar a imagem criada pelas pessoas que viram o v\u00eddeo e conseguir o perd\u00e3o de Fernanda. A produ\u00e7\u00e3o \u00e9 voltada para p\u00fablico a partir de 14 anos.<\/div>\n<div style=\"text-align: justify;\">\n<\/div>\n<div style=\"text-align: justify;\">\n\u201cO grilo feliz e os insetos gigantes\u201d \u00e9 fruto da parceria entre pai e filho (Walvercy e Rafael Ribas) e \u00e9 voltado para todos os p\u00fablicos. No enredo, o grilo feliz continua a fazer a alegria dos habitantes da floresta com suas composi\u00e7\u00f5es musicais e quer gravar um CD. Mas a descoberta de f\u00f3sseis de insetos gigantes o leva para uma instigante aventura e provoca um perigoso confronto com louva-deuses comandados por Trambika.<\/div>\n<div style=\"text-align: justify;\">\n<\/div>\n<div style=\"text-align: justify;\">\n\u201cO filme \u2018Cilada.com\u2019 tem sess\u00e3o \u00fanica, a partir das 19h30. J\u00e1 o \u2018Grilo feliz e os insetos gigantes\u2019 poder\u00e1 ser assistido em dois momentos: \u00e0s 9h30 e 15h. As exibi\u00e7\u00f5es acontecem no Teatro Rui Limeira Rosal\u201d, explica o instrutor de atividades art\u00edsticas do Sesc Caruaru, Edson Pedro da Silva. A entrada \u00e9 gratuita e a programa\u00e7\u00e3o faz parte do projeto Cine Sesc. A Unidade fica localizada na Rua Rui Limeira Rosal, s\/n\u00ba, no bairro Petr\u00f3polis.&nbsp;<\/div>\n<div style=\"text-align: justify;\">\n<\/div>\n","protected":false},"excerpt":{"rendered":"<p>Nesta quarta-feira (25), o Sesc Caruaru est\u00e1 com programa\u00e7\u00e3o especial para quem adora ver filme. A Unidade abrir\u00e1 suas portas&hellip;<\/p>\n","protected":false},"author":1,"featured_media":0,"comment_status":"open","ping_status":"open","sticky":false,"template":"","format":"standard","meta":{"footnotes":""},"categories":[1],"tags":[2,6,1727],"class_list":["post-1711","post","type-post","status-publish","format-standard","hentry","category-sem-categoria","tag-blog-do-edvaldo-magalhaes","tag-noticias","tag-sesc-caruaru-tem-programacao-de-cinema-nesta-quarta-feira-25-com-entrada-gratuita"],"_links":{"self":[{"href":"https:\/\/blogdoedvaldomagalhaes.com.br\/index.php\/wp-json\/wp\/v2\/posts\/1711","targetHints":{"allow":["GET"]}}],"collection":[{"href":"https:\/\/blogdoedvaldomagalhaes.com.br\/index.php\/wp-json\/wp\/v2\/posts"}],"about":[{"href":"https:\/\/blogdoedvaldomagalhaes.com.br\/index.php\/wp-json\/wp\/v2\/types\/post"}],"author":[{"embeddable":true,"href":"https:\/\/blogdoedvaldomagalhaes.com.br\/index.php\/wp-json\/wp\/v2\/users\/1"}],"replies":[{"embeddable":true,"href":"https:\/\/blogdoedvaldomagalhaes.com.br\/index.php\/wp-json\/wp\/v2\/comments?post=1711"}],"version-history":[{"count":1,"href":"https:\/\/blogdoedvaldomagalhaes.com.br\/index.php\/wp-json\/wp\/v2\/posts\/1711\/revisions"}],"predecessor-version":[{"id":32956,"href":"https:\/\/blogdoedvaldomagalhaes.com.br\/index.php\/wp-json\/wp\/v2\/posts\/1711\/revisions\/32956"}],"wp:attachment":[{"href":"https:\/\/blogdoedvaldomagalhaes.com.br\/index.php\/wp-json\/wp\/v2\/media?parent=1711"}],"wp:term":[{"taxonomy":"category","embeddable":true,"href":"https:\/\/blogdoedvaldomagalhaes.com.br\/index.php\/wp-json\/wp\/v2\/categories?post=1711"},{"taxonomy":"post_tag","embeddable":true,"href":"https:\/\/blogdoedvaldomagalhaes.com.br\/index.php\/wp-json\/wp\/v2\/tags?post=1711"}],"curies":[{"name":"wp","href":"https:\/\/api.w.org\/{rel}","templated":true}]}}