{"id":1710,"date":"2018-07-24T17:14:00","date_gmt":"2018-07-24T20:14:00","guid":{"rendered":"http:\/\/blogdoedvaldomagalhaes.com.br\/index.php\/2018\/07\/24\/campanha-de-combate-ao-racismo-e\/"},"modified":"2019-02-09T02:25:36","modified_gmt":"2019-02-09T04:25:36","slug":"campanha-de-combate-ao-racismo-e","status":"publish","type":"post","link":"https:\/\/blogdoedvaldomagalhaes.com.br\/index.php\/2018\/07\/24\/campanha-de-combate-ao-racismo-e\/","title":{"rendered":"Campanha de combate ao racismo e viol\u00eancia contra as mulheres negras ser\u00e1 lan\u00e7ada em Caruaru"},"content":{"rendered":"<div class=\"separator\" style=\"clear: both; text-align: center;\">\n<a href=\"https:\/\/1.bp.blogspot.com\/-fp614hVlCV4\/W1degenEDGI\/AAAAAAAA2-o\/EqAY28UCFXw18FECdsg2O42OFGIWAEuRACLcBGAs\/s1600\/negra.jpeg\" imageanchor=\"1\" style=\"margin-left: 1em; margin-right: 1em;\"><img loading=\"lazy\" decoding=\"async\" border=\"0\" data-original-height=\"1280\" data-original-width=\"905\" height=\"640\" src=\"http:\/\/blogdoedvaldomagalhaes.com.br\/wp-content\/uploads\/2018\/07\/negra.jpeg\" width=\"450\" \/><\/a><\/div>\n<div style=\"text-align: justify;\">\n<\/div>\n<div style=\"text-align: justify;\">\nA Secretaria de Pol\u00edticas para Mulheres lan\u00e7ar\u00e1 nesta quarta-feira (25) a campanha \u201cX\u00f4 Racismo e Viol\u00eancia, Avante Resist\u00eancia\u201d. A iniciativa tem o intuito de dar visibilidade aos alarmantes dados de viol\u00eancia contra mulheres negras no Brasil, bem como divulgar os contatos que as v\u00edtimas podem solicitar apoio. O evento ser\u00e1 na sede da SPM, \u00e0s 14h, e faz parte da programa\u00e7\u00e3o da Semana da Mulher Negra de Caruaru, em alus\u00e3o ao Dia Internacional da Mulher Negra Latino- Americana e Caribenha, celebrado neste dia 25 de julho.<\/div>\n<div style=\"text-align: justify;\">\n<\/div>\n<div style=\"text-align: justify;\">\nNa oportunidade ser\u00e1 divulgado o cartaz da campanha onde consta a divulga\u00e7\u00e3o dos n\u00fameros do Disque 100 (para denuncias de viola\u00e7\u00e3o dos direitos humanos), e do n\u00famero 180, que \u00e9 a Central de Atendimento \u00e0 Mulher em Situa\u00e7\u00e3o de Viol\u00eancia. \u201cA mulher negra passa pelo duplo preconceito, por ser mulher e negra. Por isso precisamos realizar esse recorte de g\u00eanero e ra\u00e7a e focar em mais politicas p\u00fablicas que possam combater o racismo e prevenir e enfrentar viol\u00eancias\u201d, destacou a coordenadora de Pol\u00edticas para Mulheres Negras da SPM, Tamyres Cardoso.<\/div>\n<div style=\"text-align: justify;\">\n<\/div>\n<div style=\"text-align: justify;\">\n<\/div>\n<div style=\"text-align: justify;\">\n<\/div>\n<div style=\"text-align: justify;\">\nPor um fio<\/div>\n<div style=\"text-align: justify;\">\n<\/div>\n<div style=\"text-align: justify;\">\nO Disque 100 funciona todos os dias, durante 24 horas, com inclus\u00e3o dos fins de semana e feriados. Esse contato \u00e9 destinado para demandas de viola\u00e7\u00f5es dos direitos humanos no geral, incluindo discrimina\u00e7\u00e3o racial. A v\u00edtima ou pessoa que presenciou a discrimina\u00e7\u00e3o pode telefonar gratuitamente de telefone fixo ou m\u00f3vel (celular). Atrav\u00e9s do servi\u00e7o as den\u00fancias podem ser analisadas e encaminhadas, podendo ser acionados os \u00f3rg\u00e3os competentes.<\/div>\n<div style=\"text-align: justify;\">\n<\/div>\n<div style=\"text-align: justify;\">\nJ\u00e1 o n\u00famero 180 tem um car\u00e1ter mais espec\u00edfico para demandas relacionadas \u00e0 viol\u00eancia contra a mulher. Essa central tamb\u00e9m funciona 24 horas, com liga\u00e7\u00e3o gratuita e atrav\u00e9s de qualquer telefone, tamb\u00e9m incluindo finais de semana e feriados.&nbsp; Al\u00e9m de receber den\u00fancias de viol\u00eancia, faz a escuta de reclama\u00e7\u00f5es de servi\u00e7os da rede de atendimento \u00e0 mulher, bem como orientar as mulheres sobre seus direitos e a legisla\u00e7\u00e3o vigente.<\/div>\n<div style=\"text-align: justify;\">\n<\/div>\n<div style=\"text-align: justify;\">\n<\/div>\n","protected":false},"excerpt":{"rendered":"<p>A Secretaria de Pol\u00edticas para Mulheres lan\u00e7ar\u00e1 nesta quarta-feira (25) a campanha \u201cX\u00f4 Racismo e Viol\u00eancia, Avante Resist\u00eancia\u201d. A iniciativa&hellip;<\/p>\n","protected":false},"author":1,"featured_media":0,"comment_status":"open","ping_status":"open","sticky":false,"template":"","format":"standard","meta":{"footnotes":""},"categories":[1],"tags":[2,1726,6],"class_list":["post-1710","post","type-post","status-publish","format-standard","hentry","category-sem-categoria","tag-blog-do-edvaldo-magalhaes","tag-campanha-de-combate-ao-racismo-e-violencia-contra-as-mulheres-negras-sera-lancada-em-caruaru","tag-noticias"],"_links":{"self":[{"href":"https:\/\/blogdoedvaldomagalhaes.com.br\/index.php\/wp-json\/wp\/v2\/posts\/1710","targetHints":{"allow":["GET"]}}],"collection":[{"href":"https:\/\/blogdoedvaldomagalhaes.com.br\/index.php\/wp-json\/wp\/v2\/posts"}],"about":[{"href":"https:\/\/blogdoedvaldomagalhaes.com.br\/index.php\/wp-json\/wp\/v2\/types\/post"}],"author":[{"embeddable":true,"href":"https:\/\/blogdoedvaldomagalhaes.com.br\/index.php\/wp-json\/wp\/v2\/users\/1"}],"replies":[{"embeddable":true,"href":"https:\/\/blogdoedvaldomagalhaes.com.br\/index.php\/wp-json\/wp\/v2\/comments?post=1710"}],"version-history":[{"count":1,"href":"https:\/\/blogdoedvaldomagalhaes.com.br\/index.php\/wp-json\/wp\/v2\/posts\/1710\/revisions"}],"predecessor-version":[{"id":32958,"href":"https:\/\/blogdoedvaldomagalhaes.com.br\/index.php\/wp-json\/wp\/v2\/posts\/1710\/revisions\/32958"}],"wp:attachment":[{"href":"https:\/\/blogdoedvaldomagalhaes.com.br\/index.php\/wp-json\/wp\/v2\/media?parent=1710"}],"wp:term":[{"taxonomy":"category","embeddable":true,"href":"https:\/\/blogdoedvaldomagalhaes.com.br\/index.php\/wp-json\/wp\/v2\/categories?post=1710"},{"taxonomy":"post_tag","embeddable":true,"href":"https:\/\/blogdoedvaldomagalhaes.com.br\/index.php\/wp-json\/wp\/v2\/tags?post=1710"}],"curies":[{"name":"wp","href":"https:\/\/api.w.org\/{rel}","templated":true}]}}