{"id":1709,"date":"2018-07-24T19:03:00","date_gmt":"2018-07-24T22:03:00","guid":{"rendered":"http:\/\/blogdoedvaldomagalhaes.com.br\/index.php\/2018\/07\/24\/armando-monteiro-apoia-alckmin-e\/"},"modified":"2019-02-09T02:25:36","modified_gmt":"2019-02-09T04:25:36","slug":"armando-monteiro-apoia-alckmin-e","status":"publish","type":"post","link":"https:\/\/blogdoedvaldomagalhaes.com.br\/index.php\/2018\/07\/24\/armando-monteiro-apoia-alckmin-e\/","title":{"rendered":"Armando Monteiro apoia Alckmin em Pernambuco e Bruno Ara\u00fajo fica na coliga\u00e7\u00e3o"},"content":{"rendered":"<div class=\"separator\" style=\"clear: both; text-align: center;\">\n<a href=\"https:\/\/2.bp.blogspot.com\/-kiKJyJVcJ0o\/W1d1yO69TCI\/AAAAAAAA2_g\/Dfv3GbNUd5EFP4neZVYJGj4R1yDsmreEQCLcBGAs\/s1600\/5.jpg\" imageanchor=\"1\" style=\"margin-left: 1em; margin-right: 1em;\"><img loading=\"lazy\" decoding=\"async\" border=\"0\" data-original-height=\"306\" data-original-width=\"416\" height=\"470\" src=\"http:\/\/blogdoedvaldomagalhaes.com.br\/wp-content\/uploads\/2018\/07\/5-3.jpg\" width=\"640\" \/><\/a><\/div>\n<div style=\"text-align: justify;\">\n<\/div>\n<div style=\"text-align: justify;\">\n<b>Nota do PSDB<\/b><\/div>\n<div style=\"text-align: justify;\">\n<\/div>\n<div style=\"text-align: justify;\">\nTendo em vista as declara\u00e7\u00f5es do Senador Armando Monteiro Neto-PTB, de garantir em Pernambuco palanque para Geraldo Alckmin-PSDB, consideramos os epis\u00f3dios recentes superados. Vamos seguir trabalhando para apresentar as melhores propostas e caminhos aos pernambucanos.<\/div>\n<div style=\"text-align: justify;\">\n<\/div>\n<div style=\"text-align: justify;\">\nBruno Ara\u00fajo&nbsp;<\/div>\n<div style=\"text-align: justify;\">\nPresidente Estadual do PSDB<\/div>\n<div style=\"text-align: justify;\">\n<\/div>\n<div style=\"text-align: justify;\">\n<b>NOTA AOS PERNAMBUCANOS&nbsp;<\/b><\/div>\n<div style=\"text-align: justify;\">\n<\/div>\n<div style=\"text-align: justify;\">\nDesde 2017, expressivas lideran\u00e7as pol\u00edticas reunidas no campo das Oposi\u00e7\u00f5es em Pernambuco iniciaram um providencial di\u00e1logo com vistas \u00e0 forma\u00e7\u00e3o de uma ampla alian\u00e7a, capaz de oferecer um projeto de mudan\u00e7a que devolva ao nosso Estado a lideran\u00e7a e o protagonismo perdidos nos \u00faltimos anos pela incompet\u00eancia do governo Paulo C\u00e2mara.<\/div>\n<div style=\"text-align: justify;\">\n<\/div>\n<div style=\"text-align: justify;\">\n\u00c9 justo registrar, em meu nome e de todos os partidos que comp\u00f5em este conjunto, o papel fundamental e extremamente construtivo desempenhado pelo PSDB, em todas as fases desse processo que culminou com a defini\u00e7\u00e3o do nosso nome para liderar a chapa que concorrer\u00e1 \u00e0s elei\u00e7\u00f5es de outubro pr\u00f3ximo.<\/div>\n<div style=\"text-align: justify;\">\n<\/div>\n<div style=\"text-align: justify;\">\nSem a sempre l\u00facida e decisiva contribui\u00e7\u00e3o do Presidente Bruno Ara\u00fajo, cujo reconhecimento externei publicamente em v\u00e1rios momentos, n\u00e3o ter\u00edamos chegado a este resultado.<\/div>\n<div style=\"text-align: justify;\">\n<\/div>\n<div style=\"text-align: justify;\">\nAgora, quando nos encaminhamos para a conclus\u00e3o do processo de composi\u00e7\u00e3o de nossa chapa, n\u00e3o ser\u00e3o epis\u00f3dicas e pontuais diverg\u00eancias que nos afastar\u00e3o dos objetivos maiores que inspiraram este movimento.<\/div>\n<div style=\"text-align: justify;\">\n<\/div>\n<div style=\"text-align: justify;\">\nO nosso palanque, tendo em vista o apoio majorit\u00e1rio que recebe dos partidos dessa frente, estar\u00e1 sempre aberto para que o candidato Geraldo Alckmin possa trazer aos pernambucanos as suas propostas, neste momento t\u00e3o importante e desafiador para o nosso Pa\u00eds.<\/div>\n<div style=\"text-align: justify;\">\n<\/div>\n<div style=\"text-align: justify;\">\nReafirmo finalmente a minha firme disposi\u00e7\u00e3o de manter a unidade e a coes\u00e3o da nossa frente pol\u00edtica, atrav\u00e9s da plena integra\u00e7\u00e3o de todas as nossas lideran\u00e7as, condi\u00e7\u00e3o essencial para o \u00eaxito desse projeto que, estou seguro, conduzir\u00e1 Pernambuco a importantes conquistas no futuro.<\/div>\n<div style=\"text-align: justify;\">\n<\/div>\n<div style=\"text-align: justify;\">\nArmando Monteiro (PTB)<\/div>\n<div style=\"text-align: justify;\">\n<\/div>\n<div style=\"text-align: justify;\">\nPr\u00e9-candidato ao Governo de Pernambuco<\/div>\n<div style=\"text-align: justify;\">\n<\/div>\n","protected":false},"excerpt":{"rendered":"<p>Nota do PSDB Tendo em vista as declara\u00e7\u00f5es do Senador Armando Monteiro Neto-PTB, de garantir em Pernambuco palanque para Geraldo&hellip;<\/p>\n","protected":false},"author":1,"featured_media":0,"comment_status":"open","ping_status":"open","sticky":false,"template":"","format":"standard","meta":{"footnotes":""},"categories":[1],"tags":[1725,2,20],"class_list":["post-1709","post","type-post","status-publish","format-standard","hentry","category-sem-categoria","tag-armando-monteiro-apoia-alckmin-em-pernambuco-e-bruno-araujo-fica-na-coligacao","tag-blog-do-edvaldo-magalhaes","tag-politica"],"_links":{"self":[{"href":"https:\/\/blogdoedvaldomagalhaes.com.br\/index.php\/wp-json\/wp\/v2\/posts\/1709","targetHints":{"allow":["GET"]}}],"collection":[{"href":"https:\/\/blogdoedvaldomagalhaes.com.br\/index.php\/wp-json\/wp\/v2\/posts"}],"about":[{"href":"https:\/\/blogdoedvaldomagalhaes.com.br\/index.php\/wp-json\/wp\/v2\/types\/post"}],"author":[{"embeddable":true,"href":"https:\/\/blogdoedvaldomagalhaes.com.br\/index.php\/wp-json\/wp\/v2\/users\/1"}],"replies":[{"embeddable":true,"href":"https:\/\/blogdoedvaldomagalhaes.com.br\/index.php\/wp-json\/wp\/v2\/comments?post=1709"}],"version-history":[{"count":1,"href":"https:\/\/blogdoedvaldomagalhaes.com.br\/index.php\/wp-json\/wp\/v2\/posts\/1709\/revisions"}],"predecessor-version":[{"id":32960,"href":"https:\/\/blogdoedvaldomagalhaes.com.br\/index.php\/wp-json\/wp\/v2\/posts\/1709\/revisions\/32960"}],"wp:attachment":[{"href":"https:\/\/blogdoedvaldomagalhaes.com.br\/index.php\/wp-json\/wp\/v2\/media?parent=1709"}],"wp:term":[{"taxonomy":"category","embeddable":true,"href":"https:\/\/blogdoedvaldomagalhaes.com.br\/index.php\/wp-json\/wp\/v2\/categories?post=1709"},{"taxonomy":"post_tag","embeddable":true,"href":"https:\/\/blogdoedvaldomagalhaes.com.br\/index.php\/wp-json\/wp\/v2\/tags?post=1709"}],"curies":[{"name":"wp","href":"https:\/\/api.w.org\/{rel}","templated":true}]}}