{"id":1703,"date":"2018-07-25T15:38:00","date_gmt":"2018-07-25T18:38:00","guid":{"rendered":"http:\/\/blogdoedvaldomagalhaes.com.br\/index.php\/2018\/07\/25\/confira-as-atracoes-do-festival-da-vila\/"},"modified":"2019-02-09T02:25:44","modified_gmt":"2019-02-09T04:25:44","slug":"confira-as-atracoes-do-festival-da-vila","status":"publish","type":"post","link":"https:\/\/blogdoedvaldomagalhaes.com.br\/index.php\/2018\/07\/25\/confira-as-atracoes-do-festival-da-vila\/","title":{"rendered":"Confira as atra\u00e7\u00f5es do Festival da Vila do Vitorino em Riacho das Almas"},"content":{"rendered":"<p><\/p>\n<div class=\"separator\" style=\"clear: both; text-align: center;\">\n<a href=\"https:\/\/4.bp.blogspot.com\/-Iq5JarS3wXY\/W1iZVXEFIsI\/AAAAAAAA3B8\/ZdEsRG3O_nA16A3hV25TZdelNISXtyNbQCLcBGAs\/s1600\/VILA.jpg\" imageanchor=\"1\" style=\"margin-left: 1em; margin-right: 1em;\"><img loading=\"lazy\" decoding=\"async\" border=\"0\" data-original-height=\"1164\" data-original-width=\"1600\" height=\"464\" src=\"http:\/\/blogdoedvaldomagalhaes.com.br\/wp-content\/uploads\/2018\/07\/VILA.jpg\" width=\"640\" \/><\/a><\/div>\n<div class=\"MsoNormal\" style=\"background: white; margin-bottom: 8.0pt; mso-line-height-alt: 11.75pt; text-align: justify;\">\n<\/div>\n<div class=\"MsoNormal\" style=\"background: white; margin-bottom: 8.0pt; mso-line-height-alt: 11.75pt; text-align: justify;\">\nA Prefeitura de Riacho das Almas vai realizar neste fim de semana mais<br \/>\numa edi\u00e7\u00e3o do Festival da Vila do Vitorino. O evento ser\u00e1 realizado nesta<br \/>\nsexta-feira (27) e s\u00e1bado (28). O distrito da zona rural de Riacho das Almas \u00e9<br \/>\nconhecido por registrar temperaturas amenas durante todo o ano. No entanto,<br \/>\nneste per\u00edodo do ano, as temperaturas ficam ainda mais baixas com m\u00e9dia de<br \/>\n16\u00b0C.<\/div>\n<div class=\"MsoNormal\" style=\"background: white; margin-bottom: 8.0pt; mso-line-height-alt: 11.75pt; text-align: justify;\">\nAl\u00e9m de barraquinhas com op\u00e7\u00f5es gastron\u00f4micas e apresenta\u00e7\u00f5es culturais,<br \/>\nv\u00e1rias atra\u00e7\u00f5es v\u00e3o se apresentar na comunidade. Na sexta-feira (27) a partir<br \/>\ndas 21h ter\u00e1 shows da Banda 100 Conserto e de Augusto C\u00e9sar. J\u00e1 no S\u00e1bado (28),<br \/>\nse apresentar\u00e3o a partir das 21h os forrozeiros Amazan e Geraldinho Lins.<\/div>\n<div class=\"MsoNormal\" style=\"text-align: justify;\">\n<\/div>\n<p><\/p>\n","protected":false},"excerpt":{"rendered":"<p>A Prefeitura de Riacho das Almas vai realizar neste fim de semana mais uma edi\u00e7\u00e3o do Festival da Vila do&hellip;<\/p>\n","protected":false},"author":1,"featured_media":0,"comment_status":"open","ping_status":"open","sticky":false,"template":"","format":"standard","meta":{"footnotes":""},"categories":[1],"tags":[2,1718,6],"class_list":["post-1703","post","type-post","status-publish","format-standard","hentry","category-sem-categoria","tag-blog-do-edvaldo-magalhaes","tag-confira-as-atracoes-do-festival-da-vila-do-vitorino-em-riacho-das-almas","tag-noticias"],"_links":{"self":[{"href":"https:\/\/blogdoedvaldomagalhaes.com.br\/index.php\/wp-json\/wp\/v2\/posts\/1703","targetHints":{"allow":["GET"]}}],"collection":[{"href":"https:\/\/blogdoedvaldomagalhaes.com.br\/index.php\/wp-json\/wp\/v2\/posts"}],"about":[{"href":"https:\/\/blogdoedvaldomagalhaes.com.br\/index.php\/wp-json\/wp\/v2\/types\/post"}],"author":[{"embeddable":true,"href":"https:\/\/blogdoedvaldomagalhaes.com.br\/index.php\/wp-json\/wp\/v2\/users\/1"}],"replies":[{"embeddable":true,"href":"https:\/\/blogdoedvaldomagalhaes.com.br\/index.php\/wp-json\/wp\/v2\/comments?post=1703"}],"version-history":[{"count":1,"href":"https:\/\/blogdoedvaldomagalhaes.com.br\/index.php\/wp-json\/wp\/v2\/posts\/1703\/revisions"}],"predecessor-version":[{"id":32981,"href":"https:\/\/blogdoedvaldomagalhaes.com.br\/index.php\/wp-json\/wp\/v2\/posts\/1703\/revisions\/32981"}],"wp:attachment":[{"href":"https:\/\/blogdoedvaldomagalhaes.com.br\/index.php\/wp-json\/wp\/v2\/media?parent=1703"}],"wp:term":[{"taxonomy":"category","embeddable":true,"href":"https:\/\/blogdoedvaldomagalhaes.com.br\/index.php\/wp-json\/wp\/v2\/categories?post=1703"},{"taxonomy":"post_tag","embeddable":true,"href":"https:\/\/blogdoedvaldomagalhaes.com.br\/index.php\/wp-json\/wp\/v2\/tags?post=1703"}],"curies":[{"name":"wp","href":"https:\/\/api.w.org\/{rel}","templated":true}]}}