{"id":1702,"date":"2018-07-25T15:56:00","date_gmt":"2018-07-25T18:56:00","guid":{"rendered":"http:\/\/blogdoedvaldomagalhaes.com.br\/index.php\/2018\/07\/25\/morre-empresario-lamartine-oliveira-aos\/"},"modified":"2019-02-09T02:25:44","modified_gmt":"2019-02-09T04:25:44","slug":"morre-empresario-lamartine-oliveira-aos","status":"publish","type":"post","link":"https:\/\/blogdoedvaldomagalhaes.com.br\/index.php\/2018\/07\/25\/morre-empresario-lamartine-oliveira-aos\/","title":{"rendered":"Morre empres\u00e1rio Lamartine Oliveira aos 70 anos no Recife"},"content":{"rendered":"<div class=\"separator\" style=\"clear: both; text-align: center;\">\n<a href=\"https:\/\/3.bp.blogspot.com\/-K9vG-OzADFM\/W1idVkpVfHI\/AAAAAAAA3CI\/WuNYKsj021AW1k2I0vQ8UEcqwzMsC1fzwCLcBGAs\/s1600\/ele.jpg\" imageanchor=\"1\" style=\"margin-left: 1em; margin-right: 1em;\"><img loading=\"lazy\" decoding=\"async\" border=\"0\" data-original-height=\"300\" data-original-width=\"300\" height=\"640\" src=\"http:\/\/blogdoedvaldomagalhaes.com.br\/wp-content\/uploads\/2018\/07\/ele-4.jpg\" width=\"640\" \/><\/a><\/div>\n<div class=\"separator\" style=\"clear: both; text-align: center;\">\nFoto: Reprodu\u00e7\u00e3o\/Facebook<\/div>\n<div style=\"background-color: white; border: 0px; margin-bottom: 1.5em; outline: 0px; padding: 0px; text-align: justify; vertical-align: baseline;\">\n<br \/>\nFaleceu por problemas respirat\u00f3rios, na manh\u00e3 desta quarta-feira (25), no Hospital Portugu\u00eas, em Recife, o empres\u00e1rio&nbsp; do setor imobili\u00e1rio Lamartine S\u00e9rgio de Oliveira, aos 70 anos de idade. Ele deixa vi\u00fava a senhora Neidinha, al\u00e9m de quatro filhos e netos. Lamartine era natural de Bezerros, e residia h\u00e1 v\u00e1rios anos em Caruaru, onde era muito conhecido.<\/div>\n<div style=\"background-color: white; border: 0px; margin-bottom: 1.5em; outline: 0px; padding: 0px; text-align: justify; vertical-align: baseline;\">\nNOTA DE FALECIMENTO<\/p>\n<p>Neidinha Flor\u00eancio, Rafaella, Rebeca, Thiago e Rachel Flor\u00eancio de Oliveira, genro, nora e netos comunicam o falecimento do amado patriarca Lamartine Sergio de Oliveira, ocorrido hoje (quarta-feira), em Recife. O vel\u00f3rio acontecer\u00e1 no Dom Bosco, em Caruaru, at\u00e9 as 11h desta quinta-feira &nbsp;(26), quando ser\u00e1 levado ao cremat\u00f3rio do Morada da Paz, em Recife.<br \/>\nA fam\u00edlia agradece a todos que comparecerem a esse ato crist\u00e3o.<\/p>\n<div class=\"MsoNormal\" style=\"background: white; line-height: normal; margin-bottom: .0001pt; margin-bottom: 0cm; text-align: justify;\">\n<b>NOTA DE PESAR&nbsp;<\/b><\/div>\n<div class=\"MsoNormal\" style=\"background: white; line-height: normal; margin-bottom: .0001pt; margin-bottom: 0cm; text-align: justify;\">\n<\/div>\n<div class=\"MsoNormal\" style=\"background: white; line-height: normal; margin-bottom: .0001pt; margin-bottom: 0cm; text-align: justify;\">\n\u00c9 com uma enorme tristeza que recebo a<br \/>\nnot\u00edcia do falecimento de Lamartine S\u00e9rgio de Oliveira, amigo de minha fam\u00edlia<br \/>\ne figura muito querida na cidade de Caruaru. Meus sinceros sentimentos a sua<br \/>\nesposa Neidinha e seus filhos Rachel, Tiago, Rebeca e Rafaela.<\/div>\n<div class=\"MsoNormal\" style=\"background: white; line-height: normal; margin-bottom: .0001pt; margin-bottom: 0cm; text-align: justify;\">\n<\/div>\n<div class=\"MsoNormal\" style=\"background: white; line-height: normal; margin-bottom: .0001pt; margin-bottom: 0cm; text-align: justify;\">\nRaquel Lyra<\/div>\n<div class=\"MsoNormal\" style=\"background: white; line-height: normal; margin-bottom: .0001pt; margin-bottom: 0cm; text-align: justify;\">\nPrefeita de Caruaru<\/div>\n<div class=\"MsoNormal\" style=\"text-align: justify;\">\n<\/div>\n<p><\/div>\n","protected":false},"excerpt":{"rendered":"<p>Foto: Reprodu\u00e7\u00e3o\/Facebook Faleceu por problemas respirat\u00f3rios, na manh\u00e3 desta quarta-feira (25), no Hospital Portugu\u00eas, em Recife, o empres\u00e1rio&nbsp; do setor&hellip;<\/p>\n","protected":false},"author":1,"featured_media":0,"comment_status":"open","ping_status":"open","sticky":false,"template":"","format":"standard","meta":{"footnotes":""},"categories":[1],"tags":[2,1717,6],"class_list":["post-1702","post","type-post","status-publish","format-standard","hentry","category-sem-categoria","tag-blog-do-edvaldo-magalhaes","tag-morre-empresario-lamartine-oliveira-aos-70-anos-no-recife","tag-noticias"],"_links":{"self":[{"href":"https:\/\/blogdoedvaldomagalhaes.com.br\/index.php\/wp-json\/wp\/v2\/posts\/1702","targetHints":{"allow":["GET"]}}],"collection":[{"href":"https:\/\/blogdoedvaldomagalhaes.com.br\/index.php\/wp-json\/wp\/v2\/posts"}],"about":[{"href":"https:\/\/blogdoedvaldomagalhaes.com.br\/index.php\/wp-json\/wp\/v2\/types\/post"}],"author":[{"embeddable":true,"href":"https:\/\/blogdoedvaldomagalhaes.com.br\/index.php\/wp-json\/wp\/v2\/users\/1"}],"replies":[{"embeddable":true,"href":"https:\/\/blogdoedvaldomagalhaes.com.br\/index.php\/wp-json\/wp\/v2\/comments?post=1702"}],"version-history":[{"count":1,"href":"https:\/\/blogdoedvaldomagalhaes.com.br\/index.php\/wp-json\/wp\/v2\/posts\/1702\/revisions"}],"predecessor-version":[{"id":32983,"href":"https:\/\/blogdoedvaldomagalhaes.com.br\/index.php\/wp-json\/wp\/v2\/posts\/1702\/revisions\/32983"}],"wp:attachment":[{"href":"https:\/\/blogdoedvaldomagalhaes.com.br\/index.php\/wp-json\/wp\/v2\/media?parent=1702"}],"wp:term":[{"taxonomy":"category","embeddable":true,"href":"https:\/\/blogdoedvaldomagalhaes.com.br\/index.php\/wp-json\/wp\/v2\/categories?post=1702"},{"taxonomy":"post_tag","embeddable":true,"href":"https:\/\/blogdoedvaldomagalhaes.com.br\/index.php\/wp-json\/wp\/v2\/tags?post=1702"}],"curies":[{"name":"wp","href":"https:\/\/api.w.org\/{rel}","templated":true}]}}